{"id":2131,"date":"2024-07-01T16:25:26","date_gmt":"2024-07-01T16:25:26","guid":{"rendered":"https:\/\/noticierotamaulipeco.info\/?p=2131"},"modified":"2024-07-03T16:26:23","modified_gmt":"2024-07-03T16:26:23","slug":"bannon-inicia-condena-de-cuatro-meses-por-desacato","status":"publish","type":"post","link":"https:\/\/noticierotamaulipeco.info\/?p=2131","title":{"rendered":"Bannon inicia condena de cuatro meses por desacato"},"content":{"rendered":"\n<p><a href=\"https:\/\/laverdad.com.mx\/wp-content\/uploads\/2024\/07\/steve_bannon-trump-asesor-eu-afp.jpg_1044849904.jpg\"><\/a><\/p>\n\n\n\n<p>Steve Bannon, exasesor de Donald Trump en la Casa Blanca y una figura destacada de la ultraderecha estadounidense, se present\u00f3 este lunes en la c\u00e1rcel federal de Danbury, Connecticut, para cumplir una condena de cuatro meses por desacato al Congreso.<\/p>\n\n\n\n<p>Bannon se entreg\u00f3 a las autoridades penitenciarias despu\u00e9s de que el Tribunal Supremo de EE.UU. rechazara su solicitud de suspender el ingreso a prisi\u00f3n mientras apelaba la sentencia. Fue condenado por desafiar una citaci\u00f3n parlamentaria relacionada con la investigaci\u00f3n sobre el asalto al Capitolio del 6 de enero de 2021.<\/p>\n\n\n\n<p>\u201cEstoy orgulloso de ir a prisi\u00f3n si esto es lo que se necesita para enfrentar la tiran\u00eda\u201d, declar\u00f3 Bannon a la prensa antes de ingresar en la prisi\u00f3n, rodeado de seguidores que ped\u00edan su liberaci\u00f3n. Tambi\u00e9n se declar\u00f3 \u201cun prisionero pol\u00edtico\u201d, un t\u00e9rmino que ha utilizado repetidamente para describir su proceso judicial, sugiriendo que est\u00e1 motivado pol\u00edticamente, aunque esta afirmaci\u00f3n carece de fundamento.<\/p>\n\n\n\n<p>Bannon, de 70 a\u00f1os, es uno de los dos miembros del c\u00edrculo \u00edntimo de Trump que enfrentan un proceso judicial por no participar en la investigaci\u00f3n parlamentaria. El otro es Peter Navarro, quien ingres\u00f3 en prisi\u00f3n en marzo para cumplir una condena similar.<\/p>\n\n\n\n<p>En 2022, Bannon fue condenado por no cumplir con una citaci\u00f3n que le obligaba a comparecer ante un comit\u00e9 investigando el asalto al Capitolio. El comit\u00e9 sospechaba que Bannon ten\u00eda conocimiento previo de los eventos del 6 de enero de 2021, cuando simpatizantes de Trump irrumpieron en el Congreso para impedir la certificaci\u00f3n de la victoria electoral de Joe Biden. Este asalto result\u00f3 en cinco muertes y cerca de 140 agentes heridos.<\/p>\n\n\n\n<p>El d\u00eda antes del asalto, Bannon hab\u00eda hablado con Trump por tel\u00e9fono y luego particip\u00f3 en un podcast de la ultraderecha, donde dijo: \u201cMa\u00f1ana se va a armar un desmadre\u201d. En diciembre de 2020, Bannon hab\u00eda aconsejado a Trump que enfocara sus esfuerzos en el 6 de enero, la fecha de certificaci\u00f3n de los resultados electorales.<\/p>\n\n\n\n<p>Bannon trabaj\u00f3 en la campa\u00f1a presidencial de Trump en 2016 y fue estratega jefe en la Casa Blanca desde enero de 2017 hasta agosto del mismo a\u00f1o. Su mandato fue breve debido a su discurso para desmantelar la clase pol\u00edtica y acabar con las \u00e9lites, que tuvo poco encaje en la administraci\u00f3n de Trump, y a sus conflictos con los republicanos del Congreso por su oposici\u00f3n a recortar los impuestos a los ricos.<\/p>\n\n\n\n<p>Considerado uno de los l\u00edderes de la derecha populista \u2018alt-right\u2019, Bannon ha declarado su objetivo de convertirse en \u201cla infraestructura global para el movimiento populista mundial\u201d y ha apoyado numerosos movimientos pol\u00edticos ultraderechistas y populistas en todo el mundo, especialmente en Europa.<\/p>\n","protected":false},"excerpt":{"rendered":"<p>Steve Bannon, exasesor de Donald Trump en la Casa Blanca y una figura destacada de&#8230;<\/p>\n","protected":false},"author":1,"featured_media":2132,"comment_status":"open","ping_status":"open","sticky":false,"template":"","format":"standard","meta":{"footnotes":""},"categories":[5],"tags":[],"class_list":["post-2131","post","type-post","status-publish","format-standard","has-post-thumbnail","hentry","category-internacional"],"_links":{"self":[{"href":"https:\/\/noticierotamaulipeco.info\/index.php?rest_route=\/wp\/v2\/posts\/2131","targetHints":{"allow":["GET"]}}],"collection":[{"href":"https:\/\/noticierotamaulipeco.info\/index.php?rest_route=\/wp\/v2\/posts"}],"about":[{"href":"https:\/\/noticierotamaulipeco.info\/index.php?rest_route=\/wp\/v2\/types\/post"}],"author":[{"embeddable":true,"href":"https:\/\/noticierotamaulipeco.info\/index.php?rest_route=\/wp\/v2\/users\/1"}],"replies":[{"embeddable":true,"href":"https:\/\/noticierotamaulipeco.info\/index.php?rest_route=%2Fwp%2Fv2%2Fcomments&post=2131"}],"version-history":[{"count":1,"href":"https:\/\/noticierotamaulipeco.info\/index.php?rest_route=\/wp\/v2\/posts\/2131\/revisions"}],"predecessor-version":[{"id":2133,"href":"https:\/\/noticierotamaulipeco.info\/index.php?rest_route=\/wp\/v2\/posts\/2131\/revisions\/2133"}],"wp:featuredmedia":[{"embeddable":true,"href":"https:\/\/noticierotamaulipeco.info\/index.php?rest_route=\/wp\/v2\/media\/2132"}],"wp:attachment":[{"href":"https:\/\/noticierotamaulipeco.info\/index.php?rest_route=%2Fwp%2Fv2%2Fmedia&parent=2131"}],"wp:term":[{"taxonomy":"category","embeddable":true,"href":"https:\/\/noticierotamaulipeco.info\/index.php?rest_route=%2Fwp%2Fv2%2Fcategories&post=2131"},{"taxonomy":"post_tag","embeddable":true,"href":"https:\/\/noticierotamaulipeco.info\/index.php?rest_route=%2Fwp%2Fv2%2Ftags&post=2131"}],"curies":[{"name":"wp","href":"https:\/\/api.w.org\/{rel}","templated":true}]}}