{"id":2232,"date":"2024-07-06T13:07:49","date_gmt":"2024-07-06T13:07:49","guid":{"rendered":"https:\/\/noticierotamaulipeco.info\/?p=2232"},"modified":"2024-07-08T13:08:46","modified_gmt":"2024-07-08T13:08:46","slug":"tamaulipas-sera-sede-de-la-asamblea-nacional-de-arquitectos","status":"publish","type":"post","link":"https:\/\/noticierotamaulipeco.info\/?p=2232","title":{"rendered":"TAMAULIPAS SER\u00c1 SEDE DE LA ASAMBLEA NACIONAL DE ARQUITECTOS"},"content":{"rendered":"\n<p>Tampico, Tamaulipas. \u2013 La Asamblea Anual del Colegio de Arquitectos se realizar\u00e1 en Tampico en mayo de 2025, inform\u00f3 Benjam\u00edn Hern\u00e1ndez Rodr\u00edguez, secretario de Turismo en la entidad.<\/p>\n\n\n\n<p>Explic\u00f3 que durante una reuni\u00f3n con integrantes del colegio se concret\u00f3 el programa previsto para este gran evento, que tendr\u00e1 conferencias, talleres e intercambio de conocimientos entre diferentes regiones del pa\u00eds.<\/p>\n\n\n\n<p>\u201cEsta es una oportunidad m\u00e1s para impulsar el turismo de reuniones, lo que se traducir\u00e1 en una importante derrama econ\u00f3mica para el estado. A su vez, habr\u00e1 visitantes de la misma asamblea que, tras conocer las bellezas naturales con que cuenta el estado, regresar\u00e1n\u201d, agreg\u00f3.<\/p>\n\n\n\n<p>De lo que se trata, se\u00f1al\u00f3, es de seguir fortaleciendo al sector con m\u00e1s eventos, congresos y asambleas, para que las personas conozcan m\u00e1s de Tamaulipas, sus variados escenarios tur\u00edsticos, su gastronom\u00eda, pero sobre todo la calidez que caracteriza a los habitantes del estado y la atenci\u00f3n de los operadores.<\/p>\n\n\n\n<p>En la reuni\u00f3n de an\u00e1lisis estuvieron presentes una comisi\u00f3n de los integrantes del sur de la Mesa Directiva 2023-2025: el presidente, Josu\u00e9 Ram\u00f3n C\u00e1rdenas Priego; la 1ra. vicepresidenta, Mar\u00eda Alejandra Avenda\u00f1o Correa; el 2do. vicepresidente, Francisco Castillo Flores; el tesorero, Jos\u00e9 Fernando Trujillo S\u00e1nchez; y Erika Nayelli Delf\u00edn Trejo, entre otros.<\/p>\n","protected":false},"excerpt":{"rendered":"<p>Tampico, Tamaulipas. \u2013 La Asamblea Anual del Colegio de Arquitectos se realizar\u00e1 en Tampico en&#8230;<\/p>\n","protected":false},"author":1,"featured_media":2233,"comment_status":"open","ping_status":"open","sticky":false,"template":"","format":"standard","meta":{"footnotes":""},"categories":[2],"tags":[],"class_list":["post-2232","post","type-post","status-publish","format-standard","has-post-thumbnail","hentry","category-tamaulipas"],"_links":{"self":[{"href":"https:\/\/noticierotamaulipeco.info\/index.php?rest_route=\/wp\/v2\/posts\/2232","targetHints":{"allow":["GET"]}}],"collection":[{"href":"https:\/\/noticierotamaulipeco.info\/index.php?rest_route=\/wp\/v2\/posts"}],"about":[{"href":"https:\/\/noticierotamaulipeco.info\/index.php?rest_route=\/wp\/v2\/types\/post"}],"author":[{"embeddable":true,"href":"https:\/\/noticierotamaulipeco.info\/index.php?rest_route=\/wp\/v2\/users\/1"}],"replies":[{"embeddable":true,"href":"https:\/\/noticierotamaulipeco.info\/index.php?rest_route=%2Fwp%2Fv2%2Fcomments&post=2232"}],"version-history":[{"count":1,"href":"https:\/\/noticierotamaulipeco.info\/index.php?rest_route=\/wp\/v2\/posts\/2232\/revisions"}],"predecessor-version":[{"id":2234,"href":"https:\/\/noticierotamaulipeco.info\/index.php?rest_route=\/wp\/v2\/posts\/2232\/revisions\/2234"}],"wp:featuredmedia":[{"embeddable":true,"href":"https:\/\/noticierotamaulipeco.info\/index.php?rest_route=\/wp\/v2\/media\/2233"}],"wp:attachment":[{"href":"https:\/\/noticierotamaulipeco.info\/index.php?rest_route=%2Fwp%2Fv2%2Fmedia&parent=2232"}],"wp:term":[{"taxonomy":"category","embeddable":true,"href":"https:\/\/noticierotamaulipeco.info\/index.php?rest_route=%2Fwp%2Fv2%2Fcategories&post=2232"},{"taxonomy":"post_tag","embeddable":true,"href":"https:\/\/noticierotamaulipeco.info\/index.php?rest_route=%2Fwp%2Fv2%2Ftags&post=2232"}],"curies":[{"name":"wp","href":"https:\/\/api.w.org\/{rel}","templated":true}]}}