{"id":2241,"date":"2024-07-06T13:13:32","date_gmt":"2024-07-06T13:13:32","guid":{"rendered":"https:\/\/noticierotamaulipeco.info\/?p=2241"},"modified":"2024-07-08T14:03:12","modified_gmt":"2024-07-08T14:03:12","slug":"fallece-ciclista-andre-drege-tras-caida-en-la-vuelta-a-austria","status":"publish","type":"post","link":"https:\/\/noticierotamaulipeco.info\/?p=2241","title":{"rendered":"Muere el ciclista Andr\u00e9 Drege tras ca\u00edda en la Vuelta a Austria"},"content":{"rendered":"\n<p><\/p>\n\n\n\n<p>El ciclista noruego Andr\u00e9 Drege, de 25 a\u00f1os, muri\u00f3 despu\u00e9s de una ca\u00edda en la cuarta etapa de la Vuelta a Austria, anunciaron los organizadores.<\/p>\n\n\n\n<p>En esa pen\u00faltima etapa de la carrera, el corredor miembro del equipo Coop Repsol figuraba en una escapada cuando se cay\u00f3 en el descenso en la regi\u00f3n de Grossglockner, en una de las carreteras alpinas m\u00e1s c\u00e9lebres del pa\u00eds, seg\u00fan la agencia APA, que cit\u00f3 a los organizadores.<\/p>\n\n\n\n<p>Sus familiares y los miembros de su equipo deben decidir si se disputa o no la \u00faltima etapa el domingo. Las ceremonias del podio posteriores a la etapa del s\u00e1bado fueron canceladas.<\/p>\n\n\n\n<p>El a\u00f1o pasado, un joven ciclista italiano de 17 a\u00f1os muri\u00f3 en un descenso en Austria durante una carrera j\u00fanior regional.<\/p>\n\n\n\n<p>En el pelot\u00f3n profesional, el \u00faltimo accidente mortal se remonta tambi\u00e9n al a\u00f1o pasado, cuando el suizo Gino M\u00e4der (26 a\u00f1os), del equipo Bahrain, se cay\u00f3 en la Vuelta a Suiza.<\/p>\n\n\n\n<p>Esta temporada, la primera parte del curso estuvo marcada por varias ca\u00eddas graves en el pelot\u00f3n, que provocaron lesiones importantes que incluyeron a varios de los grandes nombres del momento<\/p>\n","protected":false},"excerpt":{"rendered":"<p>El ciclista noruego Andr\u00e9 Drege, de 25 a\u00f1os, muri\u00f3 despu\u00e9s de una ca\u00edda en la&#8230;<\/p>\n","protected":false},"author":1,"featured_media":2242,"comment_status":"open","ping_status":"open","sticky":false,"template":"","format":"standard","meta":{"footnotes":""},"categories":[6],"tags":[],"class_list":["post-2241","post","type-post","status-publish","format-standard","has-post-thumbnail","hentry","category-deportes"],"_links":{"self":[{"href":"https:\/\/noticierotamaulipeco.info\/index.php?rest_route=\/wp\/v2\/posts\/2241","targetHints":{"allow":["GET"]}}],"collection":[{"href":"https:\/\/noticierotamaulipeco.info\/index.php?rest_route=\/wp\/v2\/posts"}],"about":[{"href":"https:\/\/noticierotamaulipeco.info\/index.php?rest_route=\/wp\/v2\/types\/post"}],"author":[{"embeddable":true,"href":"https:\/\/noticierotamaulipeco.info\/index.php?rest_route=\/wp\/v2\/users\/1"}],"replies":[{"embeddable":true,"href":"https:\/\/noticierotamaulipeco.info\/index.php?rest_route=%2Fwp%2Fv2%2Fcomments&post=2241"}],"version-history":[{"count":2,"href":"https:\/\/noticierotamaulipeco.info\/index.php?rest_route=\/wp\/v2\/posts\/2241\/revisions"}],"predecessor-version":[{"id":2244,"href":"https:\/\/noticierotamaulipeco.info\/index.php?rest_route=\/wp\/v2\/posts\/2241\/revisions\/2244"}],"wp:featuredmedia":[{"embeddable":true,"href":"https:\/\/noticierotamaulipeco.info\/index.php?rest_route=\/wp\/v2\/media\/2242"}],"wp:attachment":[{"href":"https:\/\/noticierotamaulipeco.info\/index.php?rest_route=%2Fwp%2Fv2%2Fmedia&parent=2241"}],"wp:term":[{"taxonomy":"category","embeddable":true,"href":"https:\/\/noticierotamaulipeco.info\/index.php?rest_route=%2Fwp%2Fv2%2Fcategories&post=2241"},{"taxonomy":"post_tag","embeddable":true,"href":"https:\/\/noticierotamaulipeco.info\/index.php?rest_route=%2Fwp%2Fv2%2Ftags&post=2241"}],"curies":[{"name":"wp","href":"https:\/\/api.w.org\/{rel}","templated":true}]}}