{"id":2270,"date":"2024-07-08T13:38:31","date_gmt":"2024-07-08T13:38:31","guid":{"rendered":"https:\/\/noticierotamaulipeco.info\/?p=2270"},"modified":"2024-07-08T13:38:31","modified_gmt":"2024-07-08T13:38:31","slug":"poseidon-un-iman-para-turistas-y-curiosos","status":"publish","type":"post","link":"https:\/\/noticierotamaulipeco.info\/?p=2270","title":{"rendered":"Poseid\u00f3n  un im\u00e1n para turistas y curiosos"},"content":{"rendered":"\n<p>La colocaci\u00f3n de la estatua de Poseid\u00f3n en las aguas de Progreso ha desatado una tormenta de controversia entre los residentes locales, quienes han asegurado que la presencia del dios griego del mar ha enfurecido a Chaac, el dios maya de la lluvia.<\/p>\n\n\n\n<p>Mientras los yucatecos luchan por recuperarse del impacto de Beryl, la estatua de Poseid\u00f3n se ha convertido en un im\u00e1n para turistas y curiosos, quienes, desafiando las advertencias y supersticiones locales, acuden en masa a tomarse fotos. Las teor\u00edas m\u00e1s escandalosas sugieren que la estatua podr\u00eda ser la responsable de la tormenta, alimentando el mito de que la furia de Chaac ha sido desatada por la presencia de este intruso griego.<\/p>\n\n\n\n<p>Los residentes locales no est\u00e1n tomando la situaci\u00f3n a la ligera. Existen reportes de que grupos han amenazado con destruir la estatua para apaciguar a Chaac y restaurar la paz en la regi\u00f3n. Algunos incluso han sugerido realizar rituales antiguos para calmar al dios maya y evitar futuros desastres naturales.<\/p>\n\n\n\n<p>El hurac\u00e1n Beryl, el primero de la temporada atl\u00e1ntica de 2024, azot\u00f3 la pen\u00ednsula de Yucat\u00e1n con una fuerza hist\u00f3rica, alcanzando la categor\u00eda 5 con vientos devastadores de 251 km\/h. Las tormentas y lluvias intensas no solo causaron estragos en los destinos tur\u00edsticos de la regi\u00f3n, sino que tambi\u00e9n llevaron a la cancelaci\u00f3n de m\u00e1s de un centenar de vuelos en el aeropuerto de Canc\u00fan y al cierre de puertos aleda\u00f1os.<\/p>\n\n\n\n<p>Finalmente, las autoridades se\u00f1alaron \u201csaldo blanco\u201d en el lugar. La gobernadora de Quintana Roo, elogi\u00f3 la responsabilidad de la comunidad ante el paso del fen\u00f3meno meteorol\u00f3gico.<\/p>\n","protected":false},"excerpt":{"rendered":"<p>La colocaci\u00f3n de la estatua de Poseid\u00f3n en las aguas de Progreso ha desatado una&#8230;<\/p>\n","protected":false},"author":1,"featured_media":2271,"comment_status":"open","ping_status":"open","sticky":false,"template":"","format":"standard","meta":{"footnotes":""},"categories":[3],"tags":[],"class_list":["post-2270","post","type-post","status-publish","format-standard","has-post-thumbnail","hentry","category-mexico"],"_links":{"self":[{"href":"https:\/\/noticierotamaulipeco.info\/index.php?rest_route=\/wp\/v2\/posts\/2270","targetHints":{"allow":["GET"]}}],"collection":[{"href":"https:\/\/noticierotamaulipeco.info\/index.php?rest_route=\/wp\/v2\/posts"}],"about":[{"href":"https:\/\/noticierotamaulipeco.info\/index.php?rest_route=\/wp\/v2\/types\/post"}],"author":[{"embeddable":true,"href":"https:\/\/noticierotamaulipeco.info\/index.php?rest_route=\/wp\/v2\/users\/1"}],"replies":[{"embeddable":true,"href":"https:\/\/noticierotamaulipeco.info\/index.php?rest_route=%2Fwp%2Fv2%2Fcomments&post=2270"}],"version-history":[{"count":1,"href":"https:\/\/noticierotamaulipeco.info\/index.php?rest_route=\/wp\/v2\/posts\/2270\/revisions"}],"predecessor-version":[{"id":2272,"href":"https:\/\/noticierotamaulipeco.info\/index.php?rest_route=\/wp\/v2\/posts\/2270\/revisions\/2272"}],"wp:featuredmedia":[{"embeddable":true,"href":"https:\/\/noticierotamaulipeco.info\/index.php?rest_route=\/wp\/v2\/media\/2271"}],"wp:attachment":[{"href":"https:\/\/noticierotamaulipeco.info\/index.php?rest_route=%2Fwp%2Fv2%2Fmedia&parent=2270"}],"wp:term":[{"taxonomy":"category","embeddable":true,"href":"https:\/\/noticierotamaulipeco.info\/index.php?rest_route=%2Fwp%2Fv2%2Fcategories&post=2270"},{"taxonomy":"post_tag","embeddable":true,"href":"https:\/\/noticierotamaulipeco.info\/index.php?rest_route=%2Fwp%2Fv2%2Ftags&post=2270"}],"curies":[{"name":"wp","href":"https:\/\/api.w.org\/{rel}","templated":true}]}}