{"id":2273,"date":"2024-07-08T13:40:41","date_gmt":"2024-07-08T13:40:41","guid":{"rendered":"https:\/\/noticierotamaulipeco.info\/?p=2273"},"modified":"2024-07-08T13:40:42","modified_gmt":"2024-07-08T13:40:42","slug":"dalai-lama-celebra-89-anos","status":"publish","type":"post","link":"https:\/\/noticierotamaulipeco.info\/?p=2273","title":{"rendered":"Dal\u00e1i Lama celebra 89 a\u00f1os"},"content":{"rendered":"\n<p><a href=\"https:\/\/laverdad.com.mx\/wp-content\/uploads\/2024\/07\/dalai-lama-reuters-1024x529-1.jpg\"><\/a><\/p>\n\n\n\n<p>En un mensaje de video transmitido desde Estados Unidos, el Dal\u00e1i Lama, al celebrar su 89\u00ba cumplea\u00f1os, ha desmentido rumores recientes sobre su salud, asegurando sentirse \u201cf\u00edsicamente en forma\u201d a pesar de una reciente operaci\u00f3n de rodilla. \u201cEstoy recuper\u00e1ndome bien y no tengo problemas significativos en este momento\u201d, afirm\u00f3 el l\u00edder espiritual, quien reside en el exilio.<\/p>\n\n\n\n<p>El Dal\u00e1i Lama, galardonado con el Premio Nobel de la Paz en 1989 y reconocido por su labor en mantener viva la causa tibetana desde su exilio, ha sido objeto de especulaciones sobre su salud, especialmente en contextos de debates sobre su sucesi\u00f3n. Los tibetanos, tanto dentro como fuera de China, observan de cerca estos desarrollos, dado que el proceso de reencarnaci\u00f3n de los monjes budistas tibetanos juega un papel crucial en la designaci\u00f3n de su liderazgo.<\/p>\n\n\n\n<p>El propio Dal\u00e1i Lama ha prometido clarificar las cuestiones sobre su posible reencarnaci\u00f3n y el lugar donde esta podr\u00eda suceder, alrededor de su pr\u00f3ximo cumplea\u00f1os, cuando cumpla 90 a\u00f1os. Esta declaraci\u00f3n viene en un momento cr\u00edtico, dado que la cuesti\u00f3n de su sucesi\u00f3n es central para los tibetanos que buscan mayor autonom\u00eda o independencia de China.<\/p>\n\n\n\n<p>Mientras tanto, el l\u00edder espiritual agradeci\u00f3 a sus seguidores por sus oraciones y apoyo, destacando que, aunque sufre algunas molestias t\u00edpicas del envejecimiento, se siente agradecido por el cari\u00f1o recibido. Se espera que miles de budistas y simpatizantes de todo el mundo se unan en celebraciones y oraciones por la salud y longevidad del Dal\u00e1i Lama, considerado una figura clave para el futuro del T\u00edbet.<\/p>\n","protected":false},"excerpt":{"rendered":"<p>En un mensaje de video transmitido desde Estados Unidos, el Dal\u00e1i Lama, al celebrar su&#8230;<\/p>\n","protected":false},"author":1,"featured_media":2274,"comment_status":"open","ping_status":"open","sticky":false,"template":"","format":"standard","meta":{"footnotes":""},"categories":[5],"tags":[],"class_list":["post-2273","post","type-post","status-publish","format-standard","has-post-thumbnail","hentry","category-internacional"],"_links":{"self":[{"href":"https:\/\/noticierotamaulipeco.info\/index.php?rest_route=\/wp\/v2\/posts\/2273","targetHints":{"allow":["GET"]}}],"collection":[{"href":"https:\/\/noticierotamaulipeco.info\/index.php?rest_route=\/wp\/v2\/posts"}],"about":[{"href":"https:\/\/noticierotamaulipeco.info\/index.php?rest_route=\/wp\/v2\/types\/post"}],"author":[{"embeddable":true,"href":"https:\/\/noticierotamaulipeco.info\/index.php?rest_route=\/wp\/v2\/users\/1"}],"replies":[{"embeddable":true,"href":"https:\/\/noticierotamaulipeco.info\/index.php?rest_route=%2Fwp%2Fv2%2Fcomments&post=2273"}],"version-history":[{"count":1,"href":"https:\/\/noticierotamaulipeco.info\/index.php?rest_route=\/wp\/v2\/posts\/2273\/revisions"}],"predecessor-version":[{"id":2275,"href":"https:\/\/noticierotamaulipeco.info\/index.php?rest_route=\/wp\/v2\/posts\/2273\/revisions\/2275"}],"wp:featuredmedia":[{"embeddable":true,"href":"https:\/\/noticierotamaulipeco.info\/index.php?rest_route=\/wp\/v2\/media\/2274"}],"wp:attachment":[{"href":"https:\/\/noticierotamaulipeco.info\/index.php?rest_route=%2Fwp%2Fv2%2Fmedia&parent=2273"}],"wp:term":[{"taxonomy":"category","embeddable":true,"href":"https:\/\/noticierotamaulipeco.info\/index.php?rest_route=%2Fwp%2Fv2%2Fcategories&post=2273"},{"taxonomy":"post_tag","embeddable":true,"href":"https:\/\/noticierotamaulipeco.info\/index.php?rest_route=%2Fwp%2Fv2%2Ftags&post=2273"}],"curies":[{"name":"wp","href":"https:\/\/api.w.org\/{rel}","templated":true}]}}