{"id":2432,"date":"2024-07-14T15:24:26","date_gmt":"2024-07-14T15:24:26","guid":{"rendered":"https:\/\/noticierotamaulipeco.info\/?p=2432"},"modified":"2024-07-16T15:24:52","modified_gmt":"2024-07-16T15:24:52","slug":"suben-al-podio-judocas-de-la-uat-en-torneo-estatal","status":"publish","type":"post","link":"https:\/\/noticierotamaulipeco.info\/?p=2432","title":{"rendered":"Suben al podio judocas de la UAT en Torneo Estatal"},"content":{"rendered":"\n<p>Con rotundo \u00e9xito se celebr\u00f3 el Selectivo de Judo en el que tuvieron destacada<br>participaci\u00f3n judocas de la Universidad Aut\u00f3noma de Tamaulipas, acumulando<br>puntos para el ranking que les dar\u00eda un lugar en la Selecci\u00f3n Estatal, adem\u00e1s el<br>torneo les sirvi\u00f3 de fogueo como seleccionados universitarios.<br>La competencia se celebr\u00f3 el s\u00e1bado 13 de julio en el Gimnasio Universitario<br>del CU Victoria, con la presencia de decenas de padres de familia, que acudieron<br>a alentar a los m\u00e1s de 70 combatientes, de las categor\u00edas Sub5, hasta M\u00e1ster,<br>ambas ramas.<br>Tania Lizeth Due\u00f1as Medina, de la Unidad Acad\u00e9mica de Trabajo Social y<br>Ciencias para el Desarrollo Humano, conquist\u00f3 los m\u00e1ximos honores en la<br>categor\u00eda Sub21, rama femenil, divisi\u00f3n de -57 kilogramos de peso corporal,<br>superando a tres oponentes.<br>Tambi\u00e9n en la categor\u00eda Sub21, pero en la rama varonil, para -60 kg., subi\u00f3 a lo<br>m\u00e1s alto del podio Eduardo Sag\u00e1stegui Becerra, de la Unidad Acad\u00e9mica<br>Multidisciplinaria Valle Hermoso, mientras que el segundo lugar lo obtuvo Jes\u00fas<br>David S\u00e1nchez Garc\u00eda, de la Facultad de Medicina Veterinaria y Zootecnia.<br>En la divisi\u00f3n de -66 kg., otro de los estudiantes de nuevo ingreso, Miguel<br>Fuentes Montealvo, de la Facultad de Enfermer\u00eda Victoria, conquist\u00f3 el oro,<br>mientras que, Eduardo Santamar\u00eda Mart\u00ednez, de la Facultad de Ingenier\u00eda y<br>Ciencias, obtuvo la presea plateada.<br>Finalmente, Jos\u00e9 F\u00e9lix Rodr\u00edguez \u00c1valos, de la Unidad Acad\u00e9mica de Trabajo<br>Social y Ciencias para el Desarrollo Humano, conquist\u00f3 los m\u00e1ximos honores en<br>la categor\u00eda Senior, divisi\u00f3n -73 kg., mientras que Jos\u00e9 Alfredo Quint\u00e1 L\u00f3pez,<br>domin\u00f3 la divisi\u00f3n de -60 kg.<br>En lo que fue el acto protocolario de inauguraci\u00f3n, Cecilia Mart\u00ednez Aguilera,<br>presidenta de la Asociaci\u00f3n Tamaulipeca de Judo, estuvo acompa\u00f1ada por el<br>vicepresidente de dicho organismo, Ing. Eduardo Mart\u00ednez Perales, adem\u00e1s de la<\/p>\n\n\n\n<p>juez internacional y Sensei 4to Dan, Elizabeth Gonz\u00e1lez, quien sancionar\u00e1 en los<br>Juegos Ol\u00edmpico de Par\u00eds 2024.<\/p>\n\n\n\n<p>Como anfitri\u00f3n, el Lic. Julio Schauer Vela, Director de Deportes y Recreaci\u00f3n<br>de la Secretar\u00eda de Vinculaci\u00f3n de la UAT, llev\u00f3 la representaci\u00f3n del Rector, MVZ<br>D\u00e1maso Anaya Alvarado, mientras que como invitado especial, estuvo Jos\u00e9 Pi\u00f1a<br>Mart\u00ednez, de la Direcci\u00f3n de Alto Rendimiento del INDE, en representaci\u00f3n de<br>Manuel Alejandro Virues Lozano, Director General del Instituto.<\/p>\n","protected":false},"excerpt":{"rendered":"<p>Con rotundo \u00e9xito se celebr\u00f3 el Selectivo de Judo en el que tuvieron destacadaparticipaci\u00f3n judocas&#8230;<\/p>\n","protected":false},"author":1,"featured_media":2433,"comment_status":"open","ping_status":"open","sticky":false,"template":"","format":"standard","meta":{"footnotes":""},"categories":[6],"tags":[],"class_list":["post-2432","post","type-post","status-publish","format-standard","has-post-thumbnail","hentry","category-deportes"],"_links":{"self":[{"href":"https:\/\/noticierotamaulipeco.info\/index.php?rest_route=\/wp\/v2\/posts\/2432","targetHints":{"allow":["GET"]}}],"collection":[{"href":"https:\/\/noticierotamaulipeco.info\/index.php?rest_route=\/wp\/v2\/posts"}],"about":[{"href":"https:\/\/noticierotamaulipeco.info\/index.php?rest_route=\/wp\/v2\/types\/post"}],"author":[{"embeddable":true,"href":"https:\/\/noticierotamaulipeco.info\/index.php?rest_route=\/wp\/v2\/users\/1"}],"replies":[{"embeddable":true,"href":"https:\/\/noticierotamaulipeco.info\/index.php?rest_route=%2Fwp%2Fv2%2Fcomments&post=2432"}],"version-history":[{"count":1,"href":"https:\/\/noticierotamaulipeco.info\/index.php?rest_route=\/wp\/v2\/posts\/2432\/revisions"}],"predecessor-version":[{"id":2434,"href":"https:\/\/noticierotamaulipeco.info\/index.php?rest_route=\/wp\/v2\/posts\/2432\/revisions\/2434"}],"wp:featuredmedia":[{"embeddable":true,"href":"https:\/\/noticierotamaulipeco.info\/index.php?rest_route=\/wp\/v2\/media\/2433"}],"wp:attachment":[{"href":"https:\/\/noticierotamaulipeco.info\/index.php?rest_route=%2Fwp%2Fv2%2Fmedia&parent=2432"}],"wp:term":[{"taxonomy":"category","embeddable":true,"href":"https:\/\/noticierotamaulipeco.info\/index.php?rest_route=%2Fwp%2Fv2%2Fcategories&post=2432"},{"taxonomy":"post_tag","embeddable":true,"href":"https:\/\/noticierotamaulipeco.info\/index.php?rest_route=%2Fwp%2Fv2%2Ftags&post=2432"}],"curies":[{"name":"wp","href":"https:\/\/api.w.org\/{rel}","templated":true}]}}