{"id":2438,"date":"2024-07-16T15:28:44","date_gmt":"2024-07-16T15:28:44","guid":{"rendered":"https:\/\/noticierotamaulipeco.info\/?p=2438"},"modified":"2024-07-16T15:28:45","modified_gmt":"2024-07-16T15:28:45","slug":"kylian-mbappe-es-presentado-como-nuevo-jugador-del-real-madrid","status":"publish","type":"post","link":"https:\/\/noticierotamaulipeco.info\/?p=2438","title":{"rendered":"Kylian Mbapp\u00e9 es presentado como nuevo jugador del Real Madrid"},"content":{"rendered":"\n<p><a href=\"https:\/\/laverdad.com.mx\/wp-content\/uploads\/2024\/07\/diseno_sin_titulo106.webp\"><\/a><\/p>\n\n\n\n<p>Este martes, Kylian Mbapp\u00e9 fue presentado oficialmente como jugador del Real Madrid en un Santiago Bernab\u00e9u lleno a rebosar. Tras su paso por el Paris Saint-Germain, el talentoso delantero franc\u00e9s finalmente cumple su sue\u00f1o de unirse al club blanco.<\/p>\n\n\n\n<p>El evento comenz\u00f3 con Florentino P\u00e9rez dirigi\u00e9ndose a los aficionados, agradeciendo su presencia y recordando a las leyendas que han hecho grande al Real Madrid, como Di St\u00e9fano, Paco Gento y Raymond Kopa. P\u00e9rez destac\u00f3 que el club sigue persiguiendo lo imposible, y Mbapp\u00e9 es una pieza clave en ese objetivo.<\/p>\n\n\n\n<p>Luego, P\u00e9rez invit\u00f3 a las leyendas madridistas Pirri y Zinedine Zidane a unirse a \u00e9l en el estrado para dar la bienvenida a Mbapp\u00e9. \u201cQueridos madridistas, ha llegado el momento de presentar a un jugador excepcional que nos ayudar\u00e1 a seguir ganando. Hoy damos la bienvenida a Kylian Mbapp\u00e9\u201d, declar\u00f3 P\u00e9rez.<\/p>\n\n\n\n<p>Mbapp\u00e9, visiblemente emocionado, tom\u00f3 el micr\u00f3fono para expresar su felicidad: \u201cEs incre\u00edble estar aqu\u00ed. He so\u00f1ado durante muchos a\u00f1os con jugar en el Real Madrid y hoy ese sue\u00f1o se hace realidad. Quiero agradecer al presidente por confiar en m\u00ed desde el primer d\u00eda. Solo puedo decir gracias\u201d, coment\u00f3 el delantero.<\/p>\n\n\n\n<p>Para cerrar su presentaci\u00f3n, Mbapp\u00e9 se dirigi\u00f3 a la afici\u00f3n con el emblem\u00e1tico \u201cuno, dos, tres, \u00a1Hala Madrid!\u201d, ante el estruendoso apoyo de los seguidores, quienes coreaban su nombre con entusiasmo.<\/p>\n\n\n\n<p>Con esta incorporaci\u00f3n, el Real Madrid refuerza su plantilla con uno de los talentos m\u00e1s prometedores del f\u00fatbol mundial, y los aficionados esperan con ansias ver a Mbapp\u00e9 en acci\u00f3n vistiendo la camiseta blanca.<\/p>\n","protected":false},"excerpt":{"rendered":"<p>Este martes, Kylian Mbapp\u00e9 fue presentado oficialmente como jugador del Real Madrid en un Santiago&#8230;<\/p>\n","protected":false},"author":1,"featured_media":2439,"comment_status":"open","ping_status":"open","sticky":false,"template":"","format":"standard","meta":{"footnotes":""},"categories":[6],"tags":[],"class_list":["post-2438","post","type-post","status-publish","format-standard","has-post-thumbnail","hentry","category-deportes"],"_links":{"self":[{"href":"https:\/\/noticierotamaulipeco.info\/index.php?rest_route=\/wp\/v2\/posts\/2438","targetHints":{"allow":["GET"]}}],"collection":[{"href":"https:\/\/noticierotamaulipeco.info\/index.php?rest_route=\/wp\/v2\/posts"}],"about":[{"href":"https:\/\/noticierotamaulipeco.info\/index.php?rest_route=\/wp\/v2\/types\/post"}],"author":[{"embeddable":true,"href":"https:\/\/noticierotamaulipeco.info\/index.php?rest_route=\/wp\/v2\/users\/1"}],"replies":[{"embeddable":true,"href":"https:\/\/noticierotamaulipeco.info\/index.php?rest_route=%2Fwp%2Fv2%2Fcomments&post=2438"}],"version-history":[{"count":1,"href":"https:\/\/noticierotamaulipeco.info\/index.php?rest_route=\/wp\/v2\/posts\/2438\/revisions"}],"predecessor-version":[{"id":2440,"href":"https:\/\/noticierotamaulipeco.info\/index.php?rest_route=\/wp\/v2\/posts\/2438\/revisions\/2440"}],"wp:featuredmedia":[{"embeddable":true,"href":"https:\/\/noticierotamaulipeco.info\/index.php?rest_route=\/wp\/v2\/media\/2439"}],"wp:attachment":[{"href":"https:\/\/noticierotamaulipeco.info\/index.php?rest_route=%2Fwp%2Fv2%2Fmedia&parent=2438"}],"wp:term":[{"taxonomy":"category","embeddable":true,"href":"https:\/\/noticierotamaulipeco.info\/index.php?rest_route=%2Fwp%2Fv2%2Fcategories&post=2438"},{"taxonomy":"post_tag","embeddable":true,"href":"https:\/\/noticierotamaulipeco.info\/index.php?rest_route=%2Fwp%2Fv2%2Ftags&post=2438"}],"curies":[{"name":"wp","href":"https:\/\/api.w.org\/{rel}","templated":true}]}}