{"id":2486,"date":"2024-07-21T17:13:49","date_gmt":"2024-07-21T17:13:49","guid":{"rendered":"https:\/\/noticierotamaulipeco.info\/?p=2486"},"modified":"2024-07-24T17:14:06","modified_gmt":"2024-07-24T17:14:06","slug":"anuncia-la-uat-su-periodo-vacacional-de-verano-2024","status":"publish","type":"post","link":"https:\/\/noticierotamaulipeco.info\/?p=2486","title":{"rendered":"Anuncia la UAT su periodo vacacional de verano 2024"},"content":{"rendered":"\n<p>Cd. Victoria ,Tamaulipas 21 de Julio del 2024<\/p>\n\n\n\n<p>La Universidad Aut\u00f3noma de Tamaulipas (UAT) da a conocer a su comunidad universitaria<br>y al p\u00fablico en general el inicio del periodo vacacional de verano en todas sus sedes<br>acad\u00e9micas y administrativas, que se llevar\u00e1 a cabo del 22 de julio al 2 de agosto de<br>conformidad con el calendario escolar-administrativo 2024.<br>Tras la conclusi\u00f3n de las actividades administrativas correspondientes al periodo de<br>verano 2024 en las dependencias, \u00e1reas de la Rector\u00eda y las diversas unidades acad\u00e9micas,<br>facultades y escuelas de la Universidad; el personal sindicalizado, docente y de confianza<br>disfrutar\u00e1 de un receso laboral, reanudando actividades el pr\u00f3ximo 5 de agosto de 2024.<br>El rector de la UAT, MVZ D\u00e1maso Anaya Alvarado, destac\u00f3 la importancia de este<br>receso para la comunidad universitaria en general, y les dese\u00f3 un periodo vacacional<br>renovador y seguro.<br>Resalt\u00f3 que la instituci\u00f3n contin\u00faa en una etapa de transformaci\u00f3n y nuevos<br>proyectos, reafirmando el compromiso de contribuir al desarrollo social del estado.<br>Conforme al calendario escolar-administrativo oficial, el 19 de julio marca el fin del<br>ciclo de verano, con la conclusi\u00f3n de las clases y las actividades administrativas.<br>Adem\u00e1s, se ha concluido la aplicaci\u00f3n del examen de admisi\u00f3n (EXANI II de<br>CENEVAL) para los aspirantes a ingresar a la UAT en el periodo 2024-3.<br>Al finalizar el periodo vacacional, la Universidad dar\u00e1 inicio al proceso de<br>inscripci\u00f3n y reinscripci\u00f3n para el ciclo escolar de oto\u00f1o 2024 (2024-3). Las clases est\u00e1n<br>programadas para iniciar el 19 de agosto.<br>La Universidad Aut\u00f3noma de Tamaulipas invita a toda la comunidad universitaria y<br>al p\u00fablico en general a consultar el calendario oficial disponible en el portal en l\u00ednea<br>www.uat.edu.mx, para estar al tanto de las fechas clave y eventos importantes.<\/p>\n","protected":false},"excerpt":{"rendered":"<p>Cd. Victoria ,Tamaulipas 21 de Julio del 2024 La Universidad Aut\u00f3noma de Tamaulipas (UAT) da&#8230;<\/p>\n","protected":false},"author":1,"featured_media":1418,"comment_status":"open","ping_status":"open","sticky":false,"template":"","format":"standard","meta":{"footnotes":""},"categories":[4],"tags":[],"class_list":["post-2486","post","type-post","status-publish","format-standard","has-post-thumbnail","hentry","category-educacion"],"_links":{"self":[{"href":"https:\/\/noticierotamaulipeco.info\/index.php?rest_route=\/wp\/v2\/posts\/2486","targetHints":{"allow":["GET"]}}],"collection":[{"href":"https:\/\/noticierotamaulipeco.info\/index.php?rest_route=\/wp\/v2\/posts"}],"about":[{"href":"https:\/\/noticierotamaulipeco.info\/index.php?rest_route=\/wp\/v2\/types\/post"}],"author":[{"embeddable":true,"href":"https:\/\/noticierotamaulipeco.info\/index.php?rest_route=\/wp\/v2\/users\/1"}],"replies":[{"embeddable":true,"href":"https:\/\/noticierotamaulipeco.info\/index.php?rest_route=%2Fwp%2Fv2%2Fcomments&post=2486"}],"version-history":[{"count":1,"href":"https:\/\/noticierotamaulipeco.info\/index.php?rest_route=\/wp\/v2\/posts\/2486\/revisions"}],"predecessor-version":[{"id":2487,"href":"https:\/\/noticierotamaulipeco.info\/index.php?rest_route=\/wp\/v2\/posts\/2486\/revisions\/2487"}],"wp:featuredmedia":[{"embeddable":true,"href":"https:\/\/noticierotamaulipeco.info\/index.php?rest_route=\/wp\/v2\/media\/1418"}],"wp:attachment":[{"href":"https:\/\/noticierotamaulipeco.info\/index.php?rest_route=%2Fwp%2Fv2%2Fmedia&parent=2486"}],"wp:term":[{"taxonomy":"category","embeddable":true,"href":"https:\/\/noticierotamaulipeco.info\/index.php?rest_route=%2Fwp%2Fv2%2Fcategories&post=2486"},{"taxonomy":"post_tag","embeddable":true,"href":"https:\/\/noticierotamaulipeco.info\/index.php?rest_route=%2Fwp%2Fv2%2Ftags&post=2486"}],"curies":[{"name":"wp","href":"https:\/\/api.w.org\/{rel}","templated":true}]}}