{"id":2531,"date":"2024-07-27T20:54:44","date_gmt":"2024-07-27T20:54:44","guid":{"rendered":"https:\/\/noticierotamaulipeco.info\/?p=2531"},"modified":"2024-07-29T20:55:22","modified_gmt":"2024-07-29T20:55:22","slug":"impulsa-sspt-comercializacion-de-productos-artesanales-elaborados-por-ppls","status":"publish","type":"post","link":"https:\/\/noticierotamaulipeco.info\/?p=2531","title":{"rendered":"IMPULSA SSPT COMERCIALIZACI\u00d3N DE PRODUCTOS ARTESANALES ELABORADOS POR PPLS"},"content":{"rendered":"\n<p><\/p>\n\n\n\n<p>-Esta actividad fomenta la reinserci\u00f3n social y econom\u00eda familiar de este sector poblacional<\/p>\n\n\n\n<p>SSP-113-2024<\/p>\n\n\n\n<p>Julio 27 de 2024<\/p>\n\n\n\n<p>Ciudad Victoria, Tamaulipas.- Acorde con la estrategia humanista de reinserci\u00f3n social trazada por el gobernador,&nbsp; Am\u00e9rico Villarreal Anaya, personal de la Secretar\u00eda de Seguridad P\u00fablica de Tamaulipas (SSPT) particip\u00f3 en la exposici\u00f3n y venta de artesan\u00edas elaboradas por personas privadas de la libertad (PPLs) que se encuentran al interior del Centro de Ejecuci\u00f3n de Sanciones (CEDES) de Ciudad Victoria.<\/p>\n\n\n\n<p>Esta actividad se llev\u00f3 a cabo en el edificio de la Subsecretar\u00eda de Ejecuci\u00f3n de Sanciones y Reinserci\u00f3n Social dentro del Complejo Estatal de Seguridad P\u00fablica, en donde se exhibieron alimentos y artesan\u00edas producidas tanto en el \u00e1rea femenil como varonil.<\/p>\n\n\n\n<p>Procedentes del m\u00f3dulo femenil se comercializaron postres como carlotas, gorditas de az\u00facar, hojarascas, dedos de nuez, gelatina de mosaico y donas; as\u00ed como pulseras, rosarios y aretes elaborados con bisuter\u00eda y productos de resina.<\/p>\n\n\n\n<p>Por parte del m\u00f3dulo varonil, se impuls\u00f3 la venta de muebles como mecedoras, utensilios de cocina, ornamentos y cuadros fabricados en diferentes tipos de madera; estos art\u00edculos son promovidos dentro de la SSPT diariamente a trav\u00e9s de un cat\u00e1logo digital.<\/p>\n\n\n\n<p>Cabe destacar que esta exposici\u00f3n y venta se lleva a cabo mensualmente con el objetivo de contribuir a la econom\u00eda familiar de las PPLs, as\u00ed como su desempe\u00f1o en las diferentes capacitaciones para el empleo que son impartidas al interior de los cinco CEDES de Tamaulipas y reinserci\u00f3n social.<\/p>\n","protected":false},"excerpt":{"rendered":"<p>-Esta actividad fomenta la reinserci\u00f3n social y econom\u00eda familiar de este sector poblacional SSP-113-2024 Julio&#8230;<\/p>\n","protected":false},"author":1,"featured_media":2532,"comment_status":"open","ping_status":"open","sticky":false,"template":"","format":"standard","meta":{"footnotes":""},"categories":[2],"tags":[],"class_list":["post-2531","post","type-post","status-publish","format-standard","has-post-thumbnail","hentry","category-tamaulipas"],"_links":{"self":[{"href":"https:\/\/noticierotamaulipeco.info\/index.php?rest_route=\/wp\/v2\/posts\/2531","targetHints":{"allow":["GET"]}}],"collection":[{"href":"https:\/\/noticierotamaulipeco.info\/index.php?rest_route=\/wp\/v2\/posts"}],"about":[{"href":"https:\/\/noticierotamaulipeco.info\/index.php?rest_route=\/wp\/v2\/types\/post"}],"author":[{"embeddable":true,"href":"https:\/\/noticierotamaulipeco.info\/index.php?rest_route=\/wp\/v2\/users\/1"}],"replies":[{"embeddable":true,"href":"https:\/\/noticierotamaulipeco.info\/index.php?rest_route=%2Fwp%2Fv2%2Fcomments&post=2531"}],"version-history":[{"count":1,"href":"https:\/\/noticierotamaulipeco.info\/index.php?rest_route=\/wp\/v2\/posts\/2531\/revisions"}],"predecessor-version":[{"id":2533,"href":"https:\/\/noticierotamaulipeco.info\/index.php?rest_route=\/wp\/v2\/posts\/2531\/revisions\/2533"}],"wp:featuredmedia":[{"embeddable":true,"href":"https:\/\/noticierotamaulipeco.info\/index.php?rest_route=\/wp\/v2\/media\/2532"}],"wp:attachment":[{"href":"https:\/\/noticierotamaulipeco.info\/index.php?rest_route=%2Fwp%2Fv2%2Fmedia&parent=2531"}],"wp:term":[{"taxonomy":"category","embeddable":true,"href":"https:\/\/noticierotamaulipeco.info\/index.php?rest_route=%2Fwp%2Fv2%2Fcategories&post=2531"},{"taxonomy":"post_tag","embeddable":true,"href":"https:\/\/noticierotamaulipeco.info\/index.php?rest_route=%2Fwp%2Fv2%2Ftags&post=2531"}],"curies":[{"name":"wp","href":"https:\/\/api.w.org\/{rel}","templated":true}]}}