{"id":2593,"date":"2024-07-17T19:45:46","date_gmt":"2024-07-17T19:45:46","guid":{"rendered":"https:\/\/noticierotamaulipeco.info\/?p=2593"},"modified":"2024-07-30T19:46:23","modified_gmt":"2024-07-30T19:46:23","slug":"corte-publica-acuerdo-para-congelar-amparos-contra-ley-minera","status":"publish","type":"post","link":"https:\/\/noticierotamaulipeco.info\/?p=2593","title":{"rendered":"Corte publica acuerdo para congelar amparos contra Ley Minera"},"content":{"rendered":"\n<p><a href=\"https:\/\/laverdad.com.mx\/wp-content\/uploads\/2024\/07\/15corte.webp\"><\/a><\/p>\n\n\n\n<p>La Suprema Corte de Justicia de la Naci\u00f3n (SCJN) public\u00f3 en el Diario Oficial de la Federaci\u00f3n (DOF) el acuerdo en el que se ordena a los tribunales congelar temporalmente las resoluciones de amparos y recursos contra la reforma del 2023 a la Ley Minera, debido a que ser\u00e1 el M\u00e1ximo Tribunal quien resuelva en definitiva sobre su constitucionalidad.<\/p>\n\n\n\n<p>En la sesi\u00f3n privada, del pasado jueves, se tom\u00f3 esta resoluci\u00f3n, debido a que est\u00e1n pendientes de resolverse 11 recursos consistentes en una acci\u00f3n de inconstitucionalidad 129\/2023; una controversia constitucional 86\/2024; y 9 amparos en revisi\u00f3n 337\/2024, 379\/2024, 391\/2024, 422\/2024, 465\/2024, 466\/2024, 476\/2024, 571\/2024 y 583\/2024.<\/p>\n\n\n\n<p>La acci\u00f3n de inconstitucionalidad presentada por diputados federales de oposici\u00f3n se turn\u00f3 al ministro Alberto P\u00e9rez Day\u00e1n, como instructor, el pasado 16 de junio del presente a\u00f1o.<\/p>\n\n\n\n<p>En la publicaci\u00f3n de este lunes, del DOF, se explic\u00f3 que est\u00e1 pendiente el an\u00e1lisis de constitucionalidad del Decreto por el que se reforman, adicionan y derogan diversas disposiciones de la Ley Minera, de la Ley de Aguas Nacionales y de la Ley General del Equilibrio Ecol\u00f3gico y la Protecci\u00f3n al Ambiente.<\/p>\n\n\n\n<p>Tambi\u00e9n revisan disposiciones de la Ley General para la Prevenci\u00f3n y Gesti\u00f3n Integral de los Residuos, en materia de concesiones para miner\u00eda y agua, publicado en el DOF el 8 de mayo de 2023.<\/p>\n\n\n\n<p>\u201cSe deber\u00e1 continuar el tr\u00e1mite hasta el estado de resoluci\u00f3n y aplazar el dictado de \u00e9sta, hasta en tanto este Alto Tribunal establezca el o los criterios respectivos, y se emita el Acuerdo General Plenario que corresponda\u201d, se indic\u00f3 en la publicaci\u00f3n del DOF.<\/p>\n\n\n\n<p>En la publicaci\u00f3n se establece que el Acuerdo entrar\u00e1 en vigor el 16 de julio de este a\u00f1o, que deber\u00e1n acatar todos los Tribunales Colegiados con asuntos pendientes contra la reforma.<\/p>\n\n\n\n<p>Entre otros cambios, esta reforma plantea reducir las concesiones mineras de 50 a 30 a\u00f1os; proh\u00edbe que estas se otorguen en \u00e1reas naturales protegidas, zonas que pongan en peligro a la poblaci\u00f3n y zonas sin disponibilidad de agua.<\/p>\n\n\n\n<p>Tambi\u00e9n se reserva para el Estado la exploraci\u00f3n, explotaci\u00f3n, beneficio, uso y aprovechamiento de los minerales o sustancias estrat\u00e9gicas para el mismo.<\/p>\n","protected":false},"excerpt":{"rendered":"<p>La Suprema Corte de Justicia de la Naci\u00f3n (SCJN) public\u00f3 en el Diario Oficial de&#8230;<\/p>\n","protected":false},"author":1,"featured_media":2594,"comment_status":"open","ping_status":"open","sticky":false,"template":"","format":"standard","meta":{"footnotes":""},"categories":[3],"tags":[],"class_list":["post-2593","post","type-post","status-publish","format-standard","has-post-thumbnail","hentry","category-mexico"],"_links":{"self":[{"href":"https:\/\/noticierotamaulipeco.info\/index.php?rest_route=\/wp\/v2\/posts\/2593","targetHints":{"allow":["GET"]}}],"collection":[{"href":"https:\/\/noticierotamaulipeco.info\/index.php?rest_route=\/wp\/v2\/posts"}],"about":[{"href":"https:\/\/noticierotamaulipeco.info\/index.php?rest_route=\/wp\/v2\/types\/post"}],"author":[{"embeddable":true,"href":"https:\/\/noticierotamaulipeco.info\/index.php?rest_route=\/wp\/v2\/users\/1"}],"replies":[{"embeddable":true,"href":"https:\/\/noticierotamaulipeco.info\/index.php?rest_route=%2Fwp%2Fv2%2Fcomments&post=2593"}],"version-history":[{"count":1,"href":"https:\/\/noticierotamaulipeco.info\/index.php?rest_route=\/wp\/v2\/posts\/2593\/revisions"}],"predecessor-version":[{"id":2595,"href":"https:\/\/noticierotamaulipeco.info\/index.php?rest_route=\/wp\/v2\/posts\/2593\/revisions\/2595"}],"wp:featuredmedia":[{"embeddable":true,"href":"https:\/\/noticierotamaulipeco.info\/index.php?rest_route=\/wp\/v2\/media\/2594"}],"wp:attachment":[{"href":"https:\/\/noticierotamaulipeco.info\/index.php?rest_route=%2Fwp%2Fv2%2Fmedia&parent=2593"}],"wp:term":[{"taxonomy":"category","embeddable":true,"href":"https:\/\/noticierotamaulipeco.info\/index.php?rest_route=%2Fwp%2Fv2%2Fcategories&post=2593"},{"taxonomy":"post_tag","embeddable":true,"href":"https:\/\/noticierotamaulipeco.info\/index.php?rest_route=%2Fwp%2Fv2%2Ftags&post=2593"}],"curies":[{"name":"wp","href":"https:\/\/api.w.org\/{rel}","templated":true}]}}