{"id":2644,"date":"2024-07-17T20:20:57","date_gmt":"2024-07-17T20:20:57","guid":{"rendered":"https:\/\/noticierotamaulipeco.info\/?p=2644"},"modified":"2024-07-30T20:29:06","modified_gmt":"2024-07-30T20:29:06","slug":"espana-enfrenta-primera-ola-de-calor-con-temperaturas-de-40-grados","status":"publish","type":"post","link":"https:\/\/noticierotamaulipeco.info\/?p=2644","title":{"rendered":"Espa\u00f1a enfrenta primera ola de calor con temperaturas de 40 grados"},"content":{"rendered":"\n<p><\/p>\n\n\n\n<p><a href=\"https:\/\/laverdad.com.mx\/wp-content\/uploads\/2024\/07\/CALOR-1.jpg\"><\/a><\/p>\n\n\n\n<p>Espa\u00f1a ha comenzado a experimentar su primera ola de calor del verano, con temperaturas diurnas que superan los 40 grados y noches sofocantes con m\u00ednimas entre 20 y 24 grados. Este episodio de calor, que se espera se prolongue hasta el fin de semana, ser\u00e1 aliviado por la entrada de aire m\u00e1s fr\u00edo a partir del s\u00e1bado.<\/p>\n\n\n\n<p>La Agencia Estatal de Meteorolog\u00eda (Aemet) ha emitido un bolet\u00edn de alerta meteorol\u00f3gica este jueves, indicando que varias regiones del pa\u00eds se ver\u00e1n afectadas por el incremento de las temperaturas, que oscilar\u00e1n entre 37 y 40 grados. Como resultado, se ha activado el nivel naranja (riesgo importante) en dichas zonas.<\/p>\n\n\n\n<p>Las \u00e1reas m\u00e1s afectadas por esta ola de calor incluyen el centro, sur y este de la pen\u00ednsula, con especial intensidad en Andaluc\u00eda. En ciudades como C\u00f3rdoba y Sevilla, los term\u00f3metros alcanzar\u00e1n los 40 grados e incluso podr\u00edan llegar puntualmente a los 42 grados.<\/p>\n\n\n\n<p>Seg\u00fan fuentes de meteorolog\u00eda, estas altas temperaturas son consecuencia de un anticicl\u00f3n situado en Argelia, que ha ido intensific\u00e1ndose y extendi\u00e9ndose hacia el oeste en los \u00faltimos d\u00edas. Esta situaci\u00f3n ha introducido sobre la Pen\u00ednsula y las Baleares una masa de aire muy c\u00e1lido y seco.<\/p>\n\n\n\n<p>Se prev\u00e9 que ma\u00f1ana sea el d\u00eda m\u00e1s caluroso, con temperaturas alcanzando su pico en el sur y noreste del pa\u00eds, con valores cercanos a los 42-44 grados. Sin embargo, el s\u00e1bado, la llegada de una masa de aire m\u00e1s fr\u00eda desde el Atl\u00e1ntico comenzar\u00e1 a disminuir el sofocante calor en todo el pa\u00eds, con temperaturas m\u00e1s t\u00edpicas de la \u00e9poca.<\/p>\n\n\n\n<p>Durante el domingo, este descenso t\u00e9rmico se extender\u00e1 a toda la pen\u00ednsula ib\u00e9rica y al archipi\u00e9lago de Baleares, siendo notable en algunas \u00e1reas. Aunque el calor extremo disminuir\u00e1, las temperaturas continuar\u00e1n siendo elevadas en algunos puntos del sureste peninsular.<\/p>\n\n\n\n<p>La poblaci\u00f3n de las zonas afectadas est\u00e1 siendo aconsejada a tomar medidas de precauci\u00f3n, mantenerse hidratada y evitar la exposici\u00f3n al sol durante las horas m\u00e1s intensas del d\u00eda<\/p>\n","protected":false},"excerpt":{"rendered":"<p>Espa\u00f1a ha comenzado a experimentar su primera ola de calor del verano, con temperaturas diurnas&#8230;<\/p>\n","protected":false},"author":1,"featured_media":2645,"comment_status":"open","ping_status":"open","sticky":false,"template":"","format":"standard","meta":{"footnotes":""},"categories":[5],"tags":[],"class_list":["post-2644","post","type-post","status-publish","format-standard","has-post-thumbnail","hentry","category-internacional"],"_links":{"self":[{"href":"https:\/\/noticierotamaulipeco.info\/index.php?rest_route=\/wp\/v2\/posts\/2644","targetHints":{"allow":["GET"]}}],"collection":[{"href":"https:\/\/noticierotamaulipeco.info\/index.php?rest_route=\/wp\/v2\/posts"}],"about":[{"href":"https:\/\/noticierotamaulipeco.info\/index.php?rest_route=\/wp\/v2\/types\/post"}],"author":[{"embeddable":true,"href":"https:\/\/noticierotamaulipeco.info\/index.php?rest_route=\/wp\/v2\/users\/1"}],"replies":[{"embeddable":true,"href":"https:\/\/noticierotamaulipeco.info\/index.php?rest_route=%2Fwp%2Fv2%2Fcomments&post=2644"}],"version-history":[{"count":1,"href":"https:\/\/noticierotamaulipeco.info\/index.php?rest_route=\/wp\/v2\/posts\/2644\/revisions"}],"predecessor-version":[{"id":2646,"href":"https:\/\/noticierotamaulipeco.info\/index.php?rest_route=\/wp\/v2\/posts\/2644\/revisions\/2646"}],"wp:featuredmedia":[{"embeddable":true,"href":"https:\/\/noticierotamaulipeco.info\/index.php?rest_route=\/wp\/v2\/media\/2645"}],"wp:attachment":[{"href":"https:\/\/noticierotamaulipeco.info\/index.php?rest_route=%2Fwp%2Fv2%2Fmedia&parent=2644"}],"wp:term":[{"taxonomy":"category","embeddable":true,"href":"https:\/\/noticierotamaulipeco.info\/index.php?rest_route=%2Fwp%2Fv2%2Fcategories&post=2644"},{"taxonomy":"post_tag","embeddable":true,"href":"https:\/\/noticierotamaulipeco.info\/index.php?rest_route=%2Fwp%2Fv2%2Ftags&post=2644"}],"curies":[{"name":"wp","href":"https:\/\/api.w.org\/{rel}","templated":true}]}}