{"id":2647,"date":"2024-07-18T20:56:30","date_gmt":"2024-07-18T20:56:30","guid":{"rendered":"https:\/\/noticierotamaulipeco.info\/?p=2647"},"modified":"2024-07-30T20:57:05","modified_gmt":"2024-07-30T20:57:05","slug":"biden-y-netanyahu-podrian-reunirse-en-washington-la-proxima-semana","status":"publish","type":"post","link":"https:\/\/noticierotamaulipeco.info\/?p=2647","title":{"rendered":"Biden y Netanyahu podr\u00edan reunirse en Washington la pr\u00f3xima semana"},"content":{"rendered":"\n<p><a href=\"https:\/\/laverdad.com.mx\/wp-content\/uploads\/2024\/07\/bidne.jpg\"><\/a><\/p>\n\n\n\n<p>La Casa Blanca espera que el presidente Joe Biden pueda reunirse con el primer ministro israel\u00ed, Benjam\u00edn Netanyahu, la pr\u00f3xima semana en Washington, a pesar de que Biden dio positivo por Covid-19 este mi\u00e9rcoles. Seg\u00fan John Kirby, portavoz de Seguridad Nacional del Gobierno de Biden, la \u201cexpectativa es que los dos l\u00edderes podr\u00e1n tener la oportunidad de verse\u201d durante la visita de Netanyahu a Estados Unidos. Sin embargo, Kirby subray\u00f3 que la prioridad es la \u201csalud y la recuperaci\u00f3n\u201d de Biden, y se\u00f1al\u00f3 que es demasiado pronto para determinar si su diagn\u00f3stico afectar\u00e1 la reuni\u00f3n.<\/p>\n\n\n\n<p>Aunque Kirby no revel\u00f3 la fecha exacta del encuentro, filtraciones a medios israel\u00edes sugieren que podr\u00eda tener lugar tan pronto como el pr\u00f3ximo lunes. Adem\u00e1s, se anticipa que Netanyahu tambi\u00e9n se reunir\u00e1 con la vicepresidenta Kamala Harris, seg\u00fan inform\u00f3 el portal Bloomberg.<\/p>\n\n\n\n<p>Est\u00e1 previsto que Netanyahu viaje a Washington el 24 de julio para dirigirse a una sesi\u00f3n conjunta del Congreso estadounidense, tras recibir una invitaci\u00f3n de los l\u00edderes parlamentarios tanto del Partido Dem\u00f3crata como del Republicano. La reuni\u00f3n se produce en un momento cr\u00edtico para Biden, quien enfrenta crecientes dudas sobre su candidatura por parte de aliados y figuras destacadas del Partido Dem\u00f3crata.<\/p>\n\n\n\n<p>El jueves, se inform\u00f3 que el expresidente Barack Obama ha sugerido a sus c\u00edrculos cercanos que Biden deber\u00eda \u201creconsiderar seriamente\u201d su candidatura, seg\u00fan public\u00f3 The Washington Post. Actualmente, Biden se encuentra aislado en su residencia de Delaware, lo que le oblig\u00f3 a cancelar un discurso de campa\u00f1a ante la organizaci\u00f3n latina UnidosUS en Nevada.<\/p>\n\n\n\n<p>Las relaciones entre Israel y Estados Unidos atraviesan un periodo complicado, con el acuerdo de alto el fuego en la Franja de Gaza estancado. Biden y Netanyahu han mantenido conversaciones telef\u00f3nicas regularmente desde los ataques de Ham\u00e1s el 7 de octubre, y se vieron en persona por \u00faltima vez cuando Biden viaj\u00f3 a Tel Aviv poco despu\u00e9s del ataque.<\/p>\n\n\n\n<p>Este posible encuentro entre Biden y Netanyahu es crucial, ya que podr\u00eda abordar temas importantes de la relaci\u00f3n bilateral y la situaci\u00f3n en Medio Oriente, en un contexto de incertidumbre pol\u00edtica tanto en Estados Unidos como en Israel.<\/p>\n","protected":false},"excerpt":{"rendered":"<p>La Casa Blanca espera que el presidente Joe Biden pueda reunirse con el primer ministro&#8230;<\/p>\n","protected":false},"author":1,"featured_media":2648,"comment_status":"open","ping_status":"open","sticky":false,"template":"","format":"standard","meta":{"footnotes":""},"categories":[5],"tags":[],"class_list":["post-2647","post","type-post","status-publish","format-standard","has-post-thumbnail","hentry","category-internacional"],"_links":{"self":[{"href":"https:\/\/noticierotamaulipeco.info\/index.php?rest_route=\/wp\/v2\/posts\/2647","targetHints":{"allow":["GET"]}}],"collection":[{"href":"https:\/\/noticierotamaulipeco.info\/index.php?rest_route=\/wp\/v2\/posts"}],"about":[{"href":"https:\/\/noticierotamaulipeco.info\/index.php?rest_route=\/wp\/v2\/types\/post"}],"author":[{"embeddable":true,"href":"https:\/\/noticierotamaulipeco.info\/index.php?rest_route=\/wp\/v2\/users\/1"}],"replies":[{"embeddable":true,"href":"https:\/\/noticierotamaulipeco.info\/index.php?rest_route=%2Fwp%2Fv2%2Fcomments&post=2647"}],"version-history":[{"count":1,"href":"https:\/\/noticierotamaulipeco.info\/index.php?rest_route=\/wp\/v2\/posts\/2647\/revisions"}],"predecessor-version":[{"id":2649,"href":"https:\/\/noticierotamaulipeco.info\/index.php?rest_route=\/wp\/v2\/posts\/2647\/revisions\/2649"}],"wp:featuredmedia":[{"embeddable":true,"href":"https:\/\/noticierotamaulipeco.info\/index.php?rest_route=\/wp\/v2\/media\/2648"}],"wp:attachment":[{"href":"https:\/\/noticierotamaulipeco.info\/index.php?rest_route=%2Fwp%2Fv2%2Fmedia&parent=2647"}],"wp:term":[{"taxonomy":"category","embeddable":true,"href":"https:\/\/noticierotamaulipeco.info\/index.php?rest_route=%2Fwp%2Fv2%2Fcategories&post=2647"},{"taxonomy":"post_tag","embeddable":true,"href":"https:\/\/noticierotamaulipeco.info\/index.php?rest_route=%2Fwp%2Fv2%2Ftags&post=2647"}],"curies":[{"name":"wp","href":"https:\/\/api.w.org\/{rel}","templated":true}]}}