{"id":2711,"date":"2024-07-21T21:29:05","date_gmt":"2024-07-21T21:29:05","guid":{"rendered":"https:\/\/noticierotamaulipeco.info\/?p=2711"},"modified":"2024-07-30T21:30:00","modified_gmt":"2024-07-30T21:30:00","slug":"verano-y-sus-consecuencias-en-la-salud-mental","status":"publish","type":"post","link":"https:\/\/noticierotamaulipeco.info\/?p=2711","title":{"rendered":"Verano y sus consecuencias en la Salud Mental"},"content":{"rendered":"\n<p>Con la llegada del verano, las altas temperaturas, la sequ\u00eda y la contaminaci\u00f3n no solo traen consigo el deseo de vacaciones y relajaci\u00f3n, sino tambi\u00e9n desaf\u00edos para nuestra salud mental.<br>El incremento en visitas m\u00e9dicas por trastornos como la depresi\u00f3n y la ansiedad durante esta temporada ha sido destacado por la doctora Montserrat Royo en el Congreso de la Sociedad Catalana de Medicina Familiar y Comunitaria (CAMFiC).<br>El calor intenso tambi\u00e9n puede confundirse con s\u00edntomas de ansiedad, exacerbando estados emocionales ya sensibles.<br>Mientras que el verano promueve la socializaci\u00f3n y la liberaci\u00f3n de endorfinas a trav\u00e9s de actividades al aire libre, tambi\u00e9n impone presiones sociales para disfrutar al m\u00e1ximo, exacerbando la ansiedad por perderse eventos (FOMO) y preocupaciones sobre la imagen f\u00edsica.<br>Para las mujeres, el verano puede intensificar la carga de responsabilidades dom\u00e9sticas y familiares, aumentando el estr\u00e9s y la fatiga emocional.<br>Reconocer los signos de estr\u00e9s estival, como cambios de humor frecuentes o dificultades para dormir, es crucial.<br>Para mantener una buena salud mental en verano, los expertos recomiendan establecer rutinas, gestionar expectativas realistas y practicar el autocuidado.<br><\/p>\n","protected":false},"excerpt":{"rendered":"<p>Con la llegada del verano, las altas temperaturas, la sequ\u00eda y la contaminaci\u00f3n no solo&#8230;<\/p>\n","protected":false},"author":1,"featured_media":2712,"comment_status":"open","ping_status":"open","sticky":false,"template":"","format":"standard","meta":{"footnotes":""},"categories":[9],"tags":[],"class_list":["post-2711","post","type-post","status-publish","format-standard","has-post-thumbnail","hentry","category-tips"],"_links":{"self":[{"href":"https:\/\/noticierotamaulipeco.info\/index.php?rest_route=\/wp\/v2\/posts\/2711","targetHints":{"allow":["GET"]}}],"collection":[{"href":"https:\/\/noticierotamaulipeco.info\/index.php?rest_route=\/wp\/v2\/posts"}],"about":[{"href":"https:\/\/noticierotamaulipeco.info\/index.php?rest_route=\/wp\/v2\/types\/post"}],"author":[{"embeddable":true,"href":"https:\/\/noticierotamaulipeco.info\/index.php?rest_route=\/wp\/v2\/users\/1"}],"replies":[{"embeddable":true,"href":"https:\/\/noticierotamaulipeco.info\/index.php?rest_route=%2Fwp%2Fv2%2Fcomments&post=2711"}],"version-history":[{"count":1,"href":"https:\/\/noticierotamaulipeco.info\/index.php?rest_route=\/wp\/v2\/posts\/2711\/revisions"}],"predecessor-version":[{"id":2713,"href":"https:\/\/noticierotamaulipeco.info\/index.php?rest_route=\/wp\/v2\/posts\/2711\/revisions\/2713"}],"wp:featuredmedia":[{"embeddable":true,"href":"https:\/\/noticierotamaulipeco.info\/index.php?rest_route=\/wp\/v2\/media\/2712"}],"wp:attachment":[{"href":"https:\/\/noticierotamaulipeco.info\/index.php?rest_route=%2Fwp%2Fv2%2Fmedia&parent=2711"}],"wp:term":[{"taxonomy":"category","embeddable":true,"href":"https:\/\/noticierotamaulipeco.info\/index.php?rest_route=%2Fwp%2Fv2%2Fcategories&post=2711"},{"taxonomy":"post_tag","embeddable":true,"href":"https:\/\/noticierotamaulipeco.info\/index.php?rest_route=%2Fwp%2Fv2%2Ftags&post=2711"}],"curies":[{"name":"wp","href":"https:\/\/api.w.org\/{rel}","templated":true}]}}