{"id":2777,"date":"2024-07-19T22:04:45","date_gmt":"2024-07-19T22:04:45","guid":{"rendered":"https:\/\/noticierotamaulipeco.info\/?p=2777"},"modified":"2024-07-30T22:05:36","modified_gmt":"2024-07-30T22:05:36","slug":"adrian-beltre-entra-al-salon-de-la-fama","status":"publish","type":"post","link":"https:\/\/noticierotamaulipeco.info\/?p=2777","title":{"rendered":"Adri\u00e1n Beltr\u00e9 entra al Sal\u00f3n de la Fama"},"content":{"rendered":"\n<p><a href=\"https:\/\/laverdad.com.mx\/wp-content\/uploads\/2024\/07\/basecanchaEFE.webp\"><\/a><\/p>\n\n\n\n<p>El beisbolista dominicano Adri\u00e1n Beltr\u00e9 calific\u00f3 su entrada al Sal\u00f3n de la Fama de las Grandes Ligas como el mayor honor de su carrera, durante la ceremonia de exaltaci\u00f3n de la Clase 2024 que tuvo lugar este domingo.<\/p>\n\n\n\n<p>\u201cEsto es algo incre\u00edble, porque esto es lo m\u00e1s alto que puedes estar en la pelota. Para m\u00ed es un honor y estoy orgulloso\u201d, expres\u00f3 Beltr\u00e9 en la rueda de prensa posterior a la ceremonia. Beltr\u00e9 fue inducido al Sal\u00f3n de la Fama junto a Todd Helton, \u00eddolo de los Rockies de Colorado; Joe Mauer, figura de los Mellizos de Minnesota; y Jim Leyland, quien llev\u00f3 a los Marlins de Miami al t\u00edtulo de la Serie Mundial.<\/p>\n\n\n\n<p>A sus 45 a\u00f1os, Beltr\u00e9, nacido en Santo Domingo, se convierte en el quinto dominicano en obtener una placa en Cooperstown, uni\u00e9ndose a Juan Marichal (1983), Pedro Mart\u00ednez (2015), Vladimir Guerrero (2018) y David Ortiz (2022).<\/p>\n\n\n\n<p>Beltr\u00e9 comparti\u00f3 su emoci\u00f3n al estar junto a otros miembros del Sal\u00f3n de la Fama en la ceremonia en Cooperstown, Nueva York. \u201cCuando llegu\u00e9 al hotel y vi a todos los miembros del Sal\u00f3n de la Fama caminando por el lobby, fue algo incre\u00edble, porque ellos fueron \u00eddolos para m\u00ed\u201d, explic\u00f3.<\/p>\n","protected":false},"excerpt":{"rendered":"<p>El beisbolista dominicano Adri\u00e1n Beltr\u00e9 calific\u00f3 su entrada al Sal\u00f3n de la Fama de las&#8230;<\/p>\n","protected":false},"author":1,"featured_media":2778,"comment_status":"open","ping_status":"open","sticky":false,"template":"","format":"standard","meta":{"footnotes":""},"categories":[6],"tags":[],"class_list":["post-2777","post","type-post","status-publish","format-standard","has-post-thumbnail","hentry","category-deportes"],"_links":{"self":[{"href":"https:\/\/noticierotamaulipeco.info\/index.php?rest_route=\/wp\/v2\/posts\/2777","targetHints":{"allow":["GET"]}}],"collection":[{"href":"https:\/\/noticierotamaulipeco.info\/index.php?rest_route=\/wp\/v2\/posts"}],"about":[{"href":"https:\/\/noticierotamaulipeco.info\/index.php?rest_route=\/wp\/v2\/types\/post"}],"author":[{"embeddable":true,"href":"https:\/\/noticierotamaulipeco.info\/index.php?rest_route=\/wp\/v2\/users\/1"}],"replies":[{"embeddable":true,"href":"https:\/\/noticierotamaulipeco.info\/index.php?rest_route=%2Fwp%2Fv2%2Fcomments&post=2777"}],"version-history":[{"count":1,"href":"https:\/\/noticierotamaulipeco.info\/index.php?rest_route=\/wp\/v2\/posts\/2777\/revisions"}],"predecessor-version":[{"id":2779,"href":"https:\/\/noticierotamaulipeco.info\/index.php?rest_route=\/wp\/v2\/posts\/2777\/revisions\/2779"}],"wp:featuredmedia":[{"embeddable":true,"href":"https:\/\/noticierotamaulipeco.info\/index.php?rest_route=\/wp\/v2\/media\/2778"}],"wp:attachment":[{"href":"https:\/\/noticierotamaulipeco.info\/index.php?rest_route=%2Fwp%2Fv2%2Fmedia&parent=2777"}],"wp:term":[{"taxonomy":"category","embeddable":true,"href":"https:\/\/noticierotamaulipeco.info\/index.php?rest_route=%2Fwp%2Fv2%2Fcategories&post=2777"},{"taxonomy":"post_tag","embeddable":true,"href":"https:\/\/noticierotamaulipeco.info\/index.php?rest_route=%2Fwp%2Fv2%2Ftags&post=2777"}],"curies":[{"name":"wp","href":"https:\/\/api.w.org\/{rel}","templated":true}]}}