{"id":2787,"date":"2024-07-31T02:53:49","date_gmt":"2024-07-31T02:53:49","guid":{"rendered":"https:\/\/noticierotamaulipeco.info\/?p=2787"},"modified":"2024-07-31T02:53:50","modified_gmt":"2024-07-31T02:53:50","slug":"gobernador-condena-asesinato-de-presidente-de-fecanaco","status":"publish","type":"post","link":"https:\/\/noticierotamaulipeco.info\/?p=2787","title":{"rendered":"Gobernador condena asesinato de presidente de FECANACO"},"content":{"rendered":"\n<h2 class=\"wp-block-heading\">Se comprometi\u00f3 a trabajar para que se realice una investigaci\u00f3n para esclarecer los hechos<\/h2>\n\n\n\n<p>Mi\u00e9rcoles 31 de julio de 2024<a href=\"https:\/\/laverdad.com.mx\/wp-content\/uploads\/2024\/07\/GTxlf_rbwAAInXM.jpg\"><\/a><\/p>\n\n\n\n<p> El gobernador de Tamaulipas, Am\u00e9rico Villarreal Anaya, conden\u00f3 el crimen del dirigente de la Federaci\u00f3n de C\u00e1maras Nacionales de Comercio (FECANACO), Julio Almanza Armas, ocurrido la tarde de este martes en Matamoros.<\/p>\n\n\n\n<p>En su cuenta oficial de X el mandatario estatal se\u00f1al\u00f3: \u201cLamento profundamente y repruebo el cobarde asesinato del licenciado Julio Almanza, una voz valiente que siempre se levant\u00f3 contra las injusticias. Este acto nos afecta profundamente como sociedad y gobierno. Nos comprometemos a trabajar arduamente para que las autoridades de seguridad y justicia lleven a cabo una investigaci\u00f3n exhaustiva y lleguen hasta las \u00faltimas consecuencias para esclarecer este lamentable hecho.<\/p>\n\n\n\n<p>Mis m\u00e1s sinceras condolencias a su familia y a los miembros de la Fecanaco, a quienes sirvi\u00f3 con dedicaci\u00f3n y respeto. Que descanse en paz\u201d.<\/p>\n\n\n\n<p>De igual forma, la Confederaci\u00f3n de C\u00e1maras Nacionales de Comercio (organismo nacional), poste\u00f3 en X un mensaje que dice: \u201cCon profunda tristeza, la CONCANACO SERVYTUR lamenta el fallecimiento de nuestro querido Prosecretario y Vicepresidente de Asuntos Estrat\u00e9gicos Binacionales en las Fronteras, Julio Almanza Armas. Su partida representa una p\u00e9rdida irreparable para nuestra comunidad y para todos quienes tuvimos el honor de conocerlo y trabajar a su lado.<\/p>\n\n\n\n<p>Acompa\u00f1amos a su familia y amigos en este doloroso momento. Su legado perdurar\u00e1 en nuestro trabajo y en la memoria de quienes lo conocieron.<\/p>\n","protected":false},"excerpt":{"rendered":"<p>Se comprometi\u00f3 a trabajar para que se realice una investigaci\u00f3n para esclarecer los hechos Mi\u00e9rcoles&#8230;<\/p>\n","protected":false},"author":1,"featured_media":2788,"comment_status":"open","ping_status":"open","sticky":false,"template":"","format":"standard","meta":{"footnotes":""},"categories":[2],"tags":[],"class_list":["post-2787","post","type-post","status-publish","format-standard","has-post-thumbnail","hentry","category-tamaulipas"],"_links":{"self":[{"href":"https:\/\/noticierotamaulipeco.info\/index.php?rest_route=\/wp\/v2\/posts\/2787","targetHints":{"allow":["GET"]}}],"collection":[{"href":"https:\/\/noticierotamaulipeco.info\/index.php?rest_route=\/wp\/v2\/posts"}],"about":[{"href":"https:\/\/noticierotamaulipeco.info\/index.php?rest_route=\/wp\/v2\/types\/post"}],"author":[{"embeddable":true,"href":"https:\/\/noticierotamaulipeco.info\/index.php?rest_route=\/wp\/v2\/users\/1"}],"replies":[{"embeddable":true,"href":"https:\/\/noticierotamaulipeco.info\/index.php?rest_route=%2Fwp%2Fv2%2Fcomments&post=2787"}],"version-history":[{"count":1,"href":"https:\/\/noticierotamaulipeco.info\/index.php?rest_route=\/wp\/v2\/posts\/2787\/revisions"}],"predecessor-version":[{"id":2789,"href":"https:\/\/noticierotamaulipeco.info\/index.php?rest_route=\/wp\/v2\/posts\/2787\/revisions\/2789"}],"wp:featuredmedia":[{"embeddable":true,"href":"https:\/\/noticierotamaulipeco.info\/index.php?rest_route=\/wp\/v2\/media\/2788"}],"wp:attachment":[{"href":"https:\/\/noticierotamaulipeco.info\/index.php?rest_route=%2Fwp%2Fv2%2Fmedia&parent=2787"}],"wp:term":[{"taxonomy":"category","embeddable":true,"href":"https:\/\/noticierotamaulipeco.info\/index.php?rest_route=%2Fwp%2Fv2%2Fcategories&post=2787"},{"taxonomy":"post_tag","embeddable":true,"href":"https:\/\/noticierotamaulipeco.info\/index.php?rest_route=%2Fwp%2Fv2%2Ftags&post=2787"}],"curies":[{"name":"wp","href":"https:\/\/api.w.org\/{rel}","templated":true}]}}