{"id":2794,"date":"2024-08-01T18:41:17","date_gmt":"2024-08-01T18:41:17","guid":{"rendered":"https:\/\/noticierotamaulipeco.info\/?p=2794"},"modified":"2024-08-01T18:41:17","modified_gmt":"2024-08-01T18:41:17","slug":"designa-gobernador-americo-villarreal-a-luis-gerardo-illoldi-como-secretario-del-trabajo-en-tamaulipas","status":"publish","type":"post","link":"https:\/\/noticierotamaulipeco.info\/?p=2794","title":{"rendered":"Designa gobernador Am\u00e9rico Villarreal a Luis Gerardo Illoldi como secretario del Trabajo en Tamaulipas"},"content":{"rendered":"\n<p>095-2024<\/p>\n\n\n\n<p>Julio 31 de 2024<\/p>\n\n\n\n<p>Ciudad Victoria, Tamaulipas.- El gobernador Am\u00e9rico Villarreal Anaya entreg\u00f3 el nombramiento como nuevo secretario del Trabajo y Previsi\u00f3n Social del Gobierno de Tamaulipas a Luis Gerardo Illoldi Reyes, quien ocupar\u00e1 el cargo que dej\u00f3 vacante la ahora senadora electa, Olga Patricia Sosa Ru\u00edz.<\/p>\n\n\n\n<p>Gerardo Illoldi cuenta con una reconocida trayectoria en la administraci\u00f3n p\u00fablica, tanto a nivel estatal como municipal, habiendo desempe\u00f1ado diversos cargos en el Ayuntamiento de Victoria y en el Gobierno de Tamaulipas.<\/p>\n\n\n\n<p>Tras recibir su nombramiento, Illoldi Reyes se comprometi\u00f3 a desempe\u00f1ar su trabajo con responsabilidad y eficiencia para contribuir a mantener el clima laboral que prevalece, as\u00ed como los altos est\u00e1ndares que han permitido a Tamaulipas ser reconocido como uno de los estados con mejores niveles de conciliaci\u00f3n laboral a nivel nacional.<\/p>\n\n\n\n<p>El ahora titular de la Secretar\u00eda del Trabajo y Previsi\u00f3n Social, es Licenciado en Administraci\u00f3n y cuenta con una Maestr\u00eda en Direcci\u00f3n Empresarial con \u00e9nfasis en Finanzas; fue secretario de Desarrollo Urbano y Medio Ambiente en Ciudad Victoria, y en su m\u00e1s reciente cargo en la administraci\u00f3n del gobernador Am\u00e9rico Villarreal, se desempe\u00f1\u00f3 como subsecretario de Egresos de la Secretar\u00eda de Finanzas.<\/p>\n\n\n\n<p>***<\/p>\n","protected":false},"excerpt":{"rendered":"<p>095-2024 Julio 31 de 2024 Ciudad Victoria, Tamaulipas.- El gobernador Am\u00e9rico Villarreal Anaya entreg\u00f3 el&#8230;<\/p>\n","protected":false},"author":1,"featured_media":2795,"comment_status":"open","ping_status":"open","sticky":false,"template":"","format":"standard","meta":{"footnotes":""},"categories":[2],"tags":[],"class_list":["post-2794","post","type-post","status-publish","format-standard","has-post-thumbnail","hentry","category-tamaulipas"],"_links":{"self":[{"href":"https:\/\/noticierotamaulipeco.info\/index.php?rest_route=\/wp\/v2\/posts\/2794","targetHints":{"allow":["GET"]}}],"collection":[{"href":"https:\/\/noticierotamaulipeco.info\/index.php?rest_route=\/wp\/v2\/posts"}],"about":[{"href":"https:\/\/noticierotamaulipeco.info\/index.php?rest_route=\/wp\/v2\/types\/post"}],"author":[{"embeddable":true,"href":"https:\/\/noticierotamaulipeco.info\/index.php?rest_route=\/wp\/v2\/users\/1"}],"replies":[{"embeddable":true,"href":"https:\/\/noticierotamaulipeco.info\/index.php?rest_route=%2Fwp%2Fv2%2Fcomments&post=2794"}],"version-history":[{"count":1,"href":"https:\/\/noticierotamaulipeco.info\/index.php?rest_route=\/wp\/v2\/posts\/2794\/revisions"}],"predecessor-version":[{"id":2796,"href":"https:\/\/noticierotamaulipeco.info\/index.php?rest_route=\/wp\/v2\/posts\/2794\/revisions\/2796"}],"wp:featuredmedia":[{"embeddable":true,"href":"https:\/\/noticierotamaulipeco.info\/index.php?rest_route=\/wp\/v2\/media\/2795"}],"wp:attachment":[{"href":"https:\/\/noticierotamaulipeco.info\/index.php?rest_route=%2Fwp%2Fv2%2Fmedia&parent=2794"}],"wp:term":[{"taxonomy":"category","embeddable":true,"href":"https:\/\/noticierotamaulipeco.info\/index.php?rest_route=%2Fwp%2Fv2%2Fcategories&post=2794"},{"taxonomy":"post_tag","embeddable":true,"href":"https:\/\/noticierotamaulipeco.info\/index.php?rest_route=%2Fwp%2Fv2%2Ftags&post=2794"}],"curies":[{"name":"wp","href":"https:\/\/api.w.org\/{rel}","templated":true}]}}