{"id":2812,"date":"2024-08-02T18:57:52","date_gmt":"2024-08-02T18:57:52","guid":{"rendered":"https:\/\/noticierotamaulipeco.info\/?p=2812"},"modified":"2024-08-01T18:58:12","modified_gmt":"2024-08-01T18:58:12","slug":"aumentan-los-muertos-por-protestas-opositoras-en-venezuela","status":"publish","type":"post","link":"https:\/\/noticierotamaulipeco.info\/?p=2812","title":{"rendered":"Aumentan los muertos por protestas opositoras en Venezuela"},"content":{"rendered":"\n<p><\/p>\n\n\n\n<p><a href=\"https:\/\/laverdad.com.mx\/wp-content\/uploads\/2024\/07\/VENEZUELAPROTESTAS.jpg\"><\/a><\/p>\n\n\n\n<p>Al menos once personas, incluyendo dos menores de edad, han perdido la vida durante las recientes protestas en Venezuela. Estas manifestaciones surgieron en respuesta a la pol\u00e9mica victoria del presidente Nicol\u00e1s Maduro en las elecciones, consideradas fraudulentas por la oposici\u00f3n. La ONG de Derechos Humanos Foro Penal ha sido la encargada de confirmar estas cifras alarmantes.<\/p>\n\n\n\n<p>Alfredo Romero, director de Foro Penal, inform\u00f3 en una rueda de prensa que los menores fallecidos ten\u00edan 15 y 16 a\u00f1os, y el resto de las v\u00edctimas eran j\u00f3venes. La mayor\u00eda de los decesos ocurrieron en Caracas, con un total de cinco v\u00edctimas. Romero subray\u00f3 la necesidad de investigar estos casos, especialmente debido al uso de armas de fuego durante las protestas.<\/p>\n\n\n\n<p>El 29 de julio fue un d\u00eda especialmente violento, con una cifra de v\u00edctimas que Romero calific\u00f3 como \u201cdefinitivamente alarmante\u201d. Adem\u00e1s de los fallecidos, la ONG ha verificado la detenci\u00f3n de 177 personas, aunque se estima que el n\u00famero real podr\u00eda ser mayor. Seg\u00fan las autoridades, el total de detenciones asciende a 750, con la mayor\u00eda de los arrestos ocurriendo en el Distrito Capital.<\/p>\n\n\n\n<p>Inicialmente, Foro Penal hab\u00eda reportado la muerte de seis manifestantes, incluyendo uno en el estado de Yaracuy. M\u00e1s tarde, Laura Valbuena, coordinadora de Foro Penal en Zulia, confirm\u00f3 otras dos muertes. Posteriormente, la ONG actualiz\u00f3 el balance con tres fallecidos adicionales: uno en Yaracuy, otro en Aragua y uno m\u00e1s en T\u00e1chira.<\/p>\n\n\n\n<p>Entre las v\u00edctimas tambi\u00e9n se encuentra un funcionario de la Fuerza Armada Nacional Bolivariana, adem\u00e1s de medio centenar de efectivos heridos, algunos con heridas de bala en \u201cactos violentos\u201d, seg\u00fan el fiscal general Tarek William Saab.<\/p>\n\n\n\n<p>El Consejo Nacional Electoral de Venezuela (CNE) declar\u00f3 a Maduro ganador con un poco m\u00e1s del 51% de los votos, superando al principal candidato opositor, Edmundo Gonz\u00e1lez, quien obtuvo el 44%. Sin embargo, tanto la oposici\u00f3n como gran parte de la comunidad internacional cuestionan estos resultados y exigen una revisi\u00f3n exhaustiva de las actas electorales.<\/p>\n","protected":false},"excerpt":{"rendered":"<p>Al menos once personas, incluyendo dos menores de edad, han perdido la vida durante las&#8230;<\/p>\n","protected":false},"author":1,"featured_media":2813,"comment_status":"open","ping_status":"open","sticky":false,"template":"","format":"standard","meta":{"footnotes":""},"categories":[5],"tags":[],"class_list":["post-2812","post","type-post","status-publish","format-standard","has-post-thumbnail","hentry","category-internacional"],"_links":{"self":[{"href":"https:\/\/noticierotamaulipeco.info\/index.php?rest_route=\/wp\/v2\/posts\/2812","targetHints":{"allow":["GET"]}}],"collection":[{"href":"https:\/\/noticierotamaulipeco.info\/index.php?rest_route=\/wp\/v2\/posts"}],"about":[{"href":"https:\/\/noticierotamaulipeco.info\/index.php?rest_route=\/wp\/v2\/types\/post"}],"author":[{"embeddable":true,"href":"https:\/\/noticierotamaulipeco.info\/index.php?rest_route=\/wp\/v2\/users\/1"}],"replies":[{"embeddable":true,"href":"https:\/\/noticierotamaulipeco.info\/index.php?rest_route=%2Fwp%2Fv2%2Fcomments&post=2812"}],"version-history":[{"count":1,"href":"https:\/\/noticierotamaulipeco.info\/index.php?rest_route=\/wp\/v2\/posts\/2812\/revisions"}],"predecessor-version":[{"id":2814,"href":"https:\/\/noticierotamaulipeco.info\/index.php?rest_route=\/wp\/v2\/posts\/2812\/revisions\/2814"}],"wp:featuredmedia":[{"embeddable":true,"href":"https:\/\/noticierotamaulipeco.info\/index.php?rest_route=\/wp\/v2\/media\/2813"}],"wp:attachment":[{"href":"https:\/\/noticierotamaulipeco.info\/index.php?rest_route=%2Fwp%2Fv2%2Fmedia&parent=2812"}],"wp:term":[{"taxonomy":"category","embeddable":true,"href":"https:\/\/noticierotamaulipeco.info\/index.php?rest_route=%2Fwp%2Fv2%2Fcategories&post=2812"},{"taxonomy":"post_tag","embeddable":true,"href":"https:\/\/noticierotamaulipeco.info\/index.php?rest_route=%2Fwp%2Fv2%2Ftags&post=2812"}],"curies":[{"name":"wp","href":"https:\/\/api.w.org\/{rel}","templated":true}]}}