{"id":2836,"date":"2024-08-02T14:40:54","date_gmt":"2024-08-02T14:40:54","guid":{"rendered":"https:\/\/noticierotamaulipeco.info\/?p=2836"},"modified":"2024-08-02T14:40:54","modified_gmt":"2024-08-02T14:40:54","slug":"celebran-el-spider-man-day","status":"publish","type":"post","link":"https:\/\/noticierotamaulipeco.info\/?p=2836","title":{"rendered":"Celebran el Spider-Man Day"},"content":{"rendered":"\n<p><a href=\"https:\/\/laverdad.com.mx\/wp-content\/uploads\/2024\/08\/SPIDERMAN.jpg\"><\/a><\/p>\n\n\n\n<figure class=\"wp-block-image\"><a href=\"https:\/\/laverdad.com.mx\/wp-content\/uploads\/2024\/08\/SPIDERMAN.jpg\"><img decoding=\"async\" src=\"https:\/\/laverdad.com.mx\/wp-content\/uploads\/2024\/08\/SPIDERMAN-750x450.jpg\" alt=\"Fans celebran el Spider-Man Day\"\/><\/a><\/figure>\n\n\n\n<p>El 1 de agosto es una fecha especial para los fan\u00e1ticos de Marvel, ya que se celebra el Spider-Man Day, conmemorando la aparici\u00f3n de uno de los personajes m\u00e1s importantes en la historia de los c\u00f3mics. Spider-Man, conocido por su alter ego Peter Parker, hizo su debut en las p\u00e1ginas de&nbsp;<strong>Amazing Fantasy #15<\/strong>&nbsp;el 10 de agosto de 1962.<\/p>\n\n\n\n<p>En esta emblem\u00e1tica edici\u00f3n, los lectores conocieron los or\u00edgenes del joven Peter Parker, un t\u00edmido adolescente que adquiri\u00f3 habilidades ar\u00e1cnidas tras ser mordido por una ara\u00f1a radioactiva durante una exhibici\u00f3n cient\u00edfica. La historia tambi\u00e9n revel\u00f3 uno de los eventos m\u00e1s significativos en la vida de Peter: la muerte de su querido T\u00edo Ben, un hecho que pudo haber evitado y que lo impuls\u00f3 a convertirse en Spider-Man, el defensor de la justicia en la compleja ciudad de Nueva York.<\/p>\n\n\n\n<p>Aunque&nbsp;<strong>Amazing Fantasy #15<\/strong>&nbsp;fue la \u00faltima publicaci\u00f3n de esa serie, no signific\u00f3 el fin del trepamuros en los c\u00f3mics. Spider-Man pas\u00f3 a protagonizar su propio t\u00edtulo,&nbsp;<strong>The Amazing Spider-Man<\/strong>, que debut\u00f3 en marzo de 1963 y se ha mantenido como una de las publicaciones m\u00e1s longevas y queridas de Marvel.<\/p>\n","protected":false},"excerpt":{"rendered":"<p>El 1 de agosto es una fecha especial para los fan\u00e1ticos de Marvel, ya que&#8230;<\/p>\n","protected":false},"author":1,"featured_media":2837,"comment_status":"open","ping_status":"open","sticky":false,"template":"","format":"standard","meta":{"footnotes":""},"categories":[7],"tags":[],"class_list":["post-2836","post","type-post","status-publish","format-standard","has-post-thumbnail","hentry","category-espectaculos"],"_links":{"self":[{"href":"https:\/\/noticierotamaulipeco.info\/index.php?rest_route=\/wp\/v2\/posts\/2836","targetHints":{"allow":["GET"]}}],"collection":[{"href":"https:\/\/noticierotamaulipeco.info\/index.php?rest_route=\/wp\/v2\/posts"}],"about":[{"href":"https:\/\/noticierotamaulipeco.info\/index.php?rest_route=\/wp\/v2\/types\/post"}],"author":[{"embeddable":true,"href":"https:\/\/noticierotamaulipeco.info\/index.php?rest_route=\/wp\/v2\/users\/1"}],"replies":[{"embeddable":true,"href":"https:\/\/noticierotamaulipeco.info\/index.php?rest_route=%2Fwp%2Fv2%2Fcomments&post=2836"}],"version-history":[{"count":1,"href":"https:\/\/noticierotamaulipeco.info\/index.php?rest_route=\/wp\/v2\/posts\/2836\/revisions"}],"predecessor-version":[{"id":2838,"href":"https:\/\/noticierotamaulipeco.info\/index.php?rest_route=\/wp\/v2\/posts\/2836\/revisions\/2838"}],"wp:featuredmedia":[{"embeddable":true,"href":"https:\/\/noticierotamaulipeco.info\/index.php?rest_route=\/wp\/v2\/media\/2837"}],"wp:attachment":[{"href":"https:\/\/noticierotamaulipeco.info\/index.php?rest_route=%2Fwp%2Fv2%2Fmedia&parent=2836"}],"wp:term":[{"taxonomy":"category","embeddable":true,"href":"https:\/\/noticierotamaulipeco.info\/index.php?rest_route=%2Fwp%2Fv2%2Fcategories&post=2836"},{"taxonomy":"post_tag","embeddable":true,"href":"https:\/\/noticierotamaulipeco.info\/index.php?rest_route=%2Fwp%2Fv2%2Ftags&post=2836"}],"curies":[{"name":"wp","href":"https:\/\/api.w.org\/{rel}","templated":true}]}}