{"id":2875,"date":"2024-08-06T13:29:13","date_gmt":"2024-08-06T13:29:13","guid":{"rendered":"https:\/\/noticierotamaulipeco.info\/?p=2875"},"modified":"2024-08-07T13:29:57","modified_gmt":"2024-08-07T13:29:57","slug":"presentan-a-encargada-de-despacho-del-itca","status":"publish","type":"post","link":"https:\/\/noticierotamaulipeco.info\/?p=2875","title":{"rendered":"Presentan a encargada de despacho del ITCA"},"content":{"rendered":"\n<p>SBS-021-2024<\/p>\n\n\n\n<p>Agosto 05 de 2024<\/p>\n\n\n\n<p>Ciudad Victoria, Tamaulipas.- La secretaria de Bienestar Social de Tamaulipas, Silvia Casas Gonz\u00e1lez, present\u00f3 a Aracely Sosa \u00c1lvarez como la encargada de despacho del Instituto Tamaulipeco para la Cultura y las Artes (ITCA) al personal de dicho organismo, as\u00ed como a H\u00e9ctor Rafael Adame Lerma, quien fungir\u00e1 como director de Administraci\u00f3n.<\/p>\n\n\n\n<p>Silvia Casas conmin\u00f3 al personal a fortalecer la cultura y las artes en Tamaulipas, bajo la visi\u00f3n humanista del gobernador Am\u00e9rico Villarreal Anaya, llevando acciones culturales a cada rinc\u00f3n de nuestra entidad como un medio para fortalecer el tejido social.<\/p>\n\n\n\n<p>\u00abTenemos que trabajar para que nuestros centros culturales sean semilleros para nuevos artistas, para impulsar la cultura\u00bb, expres\u00f3.<\/p>\n\n\n\n<p>Asimismo, la secretaria Silvia Casas pidi\u00f3 trabajar en equipo para llevar a buen t\u00e9rmino todos los proyectos contemplados para el presente a\u00f1o.<\/p>\n\n\n\n<p>Durante su visita, la secretaria recorri\u00f3 las instalaciones del ITCA para reiterar al personal el respaldo del gobernador a trav\u00e9s de la Secretar\u00eda de Bienestar Social de Tamaulipas.<\/p>\n\n\n\n<p>Por su parte, Aracely Sosa invit\u00f3 a trabajar en equipo para posicionar culturalmente a Tamaulipas a nivel nacional, realizando las labores con pasi\u00f3n y empe\u00f1o para cumplir con las metas establecidas. \u201cEsto es pasi\u00f3n, es compromiso, mucha responsabilidad\u201d, reiter\u00f3.<\/p>\n","protected":false},"excerpt":{"rendered":"<p>SBS-021-2024 Agosto 05 de 2024 Ciudad Victoria, Tamaulipas.- La secretaria de Bienestar Social de Tamaulipas,&#8230;<\/p>\n","protected":false},"author":1,"featured_media":2876,"comment_status":"open","ping_status":"open","sticky":false,"template":"","format":"standard","meta":{"footnotes":""},"categories":[2],"tags":[],"class_list":["post-2875","post","type-post","status-publish","format-standard","has-post-thumbnail","hentry","category-tamaulipas"],"_links":{"self":[{"href":"https:\/\/noticierotamaulipeco.info\/index.php?rest_route=\/wp\/v2\/posts\/2875","targetHints":{"allow":["GET"]}}],"collection":[{"href":"https:\/\/noticierotamaulipeco.info\/index.php?rest_route=\/wp\/v2\/posts"}],"about":[{"href":"https:\/\/noticierotamaulipeco.info\/index.php?rest_route=\/wp\/v2\/types\/post"}],"author":[{"embeddable":true,"href":"https:\/\/noticierotamaulipeco.info\/index.php?rest_route=\/wp\/v2\/users\/1"}],"replies":[{"embeddable":true,"href":"https:\/\/noticierotamaulipeco.info\/index.php?rest_route=%2Fwp%2Fv2%2Fcomments&post=2875"}],"version-history":[{"count":1,"href":"https:\/\/noticierotamaulipeco.info\/index.php?rest_route=\/wp\/v2\/posts\/2875\/revisions"}],"predecessor-version":[{"id":2877,"href":"https:\/\/noticierotamaulipeco.info\/index.php?rest_route=\/wp\/v2\/posts\/2875\/revisions\/2877"}],"wp:featuredmedia":[{"embeddable":true,"href":"https:\/\/noticierotamaulipeco.info\/index.php?rest_route=\/wp\/v2\/media\/2876"}],"wp:attachment":[{"href":"https:\/\/noticierotamaulipeco.info\/index.php?rest_route=%2Fwp%2Fv2%2Fmedia&parent=2875"}],"wp:term":[{"taxonomy":"category","embeddable":true,"href":"https:\/\/noticierotamaulipeco.info\/index.php?rest_route=%2Fwp%2Fv2%2Fcategories&post=2875"},{"taxonomy":"post_tag","embeddable":true,"href":"https:\/\/noticierotamaulipeco.info\/index.php?rest_route=%2Fwp%2Fv2%2Ftags&post=2875"}],"curies":[{"name":"wp","href":"https:\/\/api.w.org\/{rel}","templated":true}]}}