{"id":2893,"date":"2024-08-06T14:04:12","date_gmt":"2024-08-06T14:04:12","guid":{"rendered":"https:\/\/noticierotamaulipeco.info\/?p=2893"},"modified":"2024-08-07T14:05:21","modified_gmt":"2024-08-07T14:05:21","slug":"tormenta-tropical-fabio-en-el-pacifico","status":"publish","type":"post","link":"https:\/\/noticierotamaulipeco.info\/?p=2893","title":{"rendered":"Tormenta tropical \u2018Fabio\u2019 en el Pac\u00edfico"},"content":{"rendered":"\n<p>El d\u00eda de ho se form\u00f3 la Tormenta Tropical \u00abFabio\u00bb en el oc\u00e9ano Pac\u00edfico. Su circulaci\u00f3n ocasionar\u00e1 lluvias fuertes a puntuales muy fuertes en Guerrero, Michoac\u00e1n, Colima y Jalisco.<\/p>\n\n\n\n<h2 class=\"wp-block-heading\">Rachas de viento alcanzar\u00e1n los 70 km\/h<\/h2>\n\n\n\n<p>Sus rachas de viento alcanzar\u00e1n hasta 70 km\/h, generar\u00e1 oleaje de 2 a 3 metros de altura y posible formaci\u00f3n de trombas marinas en costas de los estados mencionados.<\/p>\n\n\n\n<p>Debido a ello, Protecci\u00f3n Civil pidi\u00f3 extremar precauciones a la poblaci\u00f3n en general en las zonas de los estados ya mencionados por lluvias, viento y oleaje (incluyendo la navegaci\u00f3n mar\u00edtima) y atender las recomendaciones emitidas por las autoridades del Sistema Nacional de Protecci\u00f3n Civil, en cada entidad.<\/p>\n\n\n\n<h2 class=\"wp-block-heading\">Entre 15 y 18 huracanes pronosticados en el Pac\u00edfico<\/h2>\n\n\n\n<p>Para este a\u00f1o el Servicio Meteorol\u00f3gico Nacional (SMN) pronostica de 15 a 18 ciclones tropicales en el Pacifico. Se espera una temporada muy activa, de los ciclones pronosticados para el Pac\u00edfico se prev\u00e9 que entre 8 y 9 alcancen la clasificaci\u00f3n de tormenta tropical; 4 \u00f3 5 lleguen a ser hurac\u00e1n de categor\u00eda 1 \u00f3 2; y de 3 a 4 sean de las categor\u00edas 3, 4 \u00f3 5.<\/p>\n\n\n\n<p>Estos son los nombres de los huracanes para esta temporada en el Pac\u00edfico son:<\/p>\n\n\n\n<p>Aletta, Bud, Carlotta, Daniel, Emilia, Fabio (En desarrollo), Gilma, H\u00e9ctor, Ileana, John, Kristy, Lane, Miriam, Norman, Olivia, Paul, Rosa, Sergio, Tara, Vicente, Willa,&nbsp;Xavier, Yolanda y&nbsp;Zeke.<\/p>\n","protected":false},"excerpt":{"rendered":"<p>El d\u00eda de ho se form\u00f3 la Tormenta Tropical \u00abFabio\u00bb en el oc\u00e9ano Pac\u00edfico. Su&#8230;<\/p>\n","protected":false},"author":1,"featured_media":2894,"comment_status":"open","ping_status":"open","sticky":false,"template":"","format":"standard","meta":{"footnotes":""},"categories":[3],"tags":[],"class_list":["post-2893","post","type-post","status-publish","format-standard","has-post-thumbnail","hentry","category-mexico"],"_links":{"self":[{"href":"https:\/\/noticierotamaulipeco.info\/index.php?rest_route=\/wp\/v2\/posts\/2893","targetHints":{"allow":["GET"]}}],"collection":[{"href":"https:\/\/noticierotamaulipeco.info\/index.php?rest_route=\/wp\/v2\/posts"}],"about":[{"href":"https:\/\/noticierotamaulipeco.info\/index.php?rest_route=\/wp\/v2\/types\/post"}],"author":[{"embeddable":true,"href":"https:\/\/noticierotamaulipeco.info\/index.php?rest_route=\/wp\/v2\/users\/1"}],"replies":[{"embeddable":true,"href":"https:\/\/noticierotamaulipeco.info\/index.php?rest_route=%2Fwp%2Fv2%2Fcomments&post=2893"}],"version-history":[{"count":1,"href":"https:\/\/noticierotamaulipeco.info\/index.php?rest_route=\/wp\/v2\/posts\/2893\/revisions"}],"predecessor-version":[{"id":2895,"href":"https:\/\/noticierotamaulipeco.info\/index.php?rest_route=\/wp\/v2\/posts\/2893\/revisions\/2895"}],"wp:featuredmedia":[{"embeddable":true,"href":"https:\/\/noticierotamaulipeco.info\/index.php?rest_route=\/wp\/v2\/media\/2894"}],"wp:attachment":[{"href":"https:\/\/noticierotamaulipeco.info\/index.php?rest_route=%2Fwp%2Fv2%2Fmedia&parent=2893"}],"wp:term":[{"taxonomy":"category","embeddable":true,"href":"https:\/\/noticierotamaulipeco.info\/index.php?rest_route=%2Fwp%2Fv2%2Fcategories&post=2893"},{"taxonomy":"post_tag","embeddable":true,"href":"https:\/\/noticierotamaulipeco.info\/index.php?rest_route=%2Fwp%2Fv2%2Ftags&post=2893"}],"curies":[{"name":"wp","href":"https:\/\/api.w.org\/{rel}","templated":true}]}}