{"id":2968,"date":"2024-08-08T03:32:06","date_gmt":"2024-08-08T03:32:06","guid":{"rendered":"https:\/\/noticierotamaulipeco.info\/?p=2968"},"modified":"2024-08-08T03:32:07","modified_gmt":"2024-08-08T03:32:07","slug":"presenta-americo-villarreal-a-claudia-sheinbaum-y-su-gabinete-los-proyectos-estrategicos-de-tamaulipas","status":"publish","type":"post","link":"https:\/\/noticierotamaulipeco.info\/?p=2968","title":{"rendered":"Presenta Am\u00e9rico Villarreal a Claudia Sheinbaum y su gabinete los proyectos estrat\u00e9gicos de Tamaulipas"},"content":{"rendered":"\n<p>08 de AGOSTO 2024<\/p>\n\n\n\n<p>El gobernador Am\u00e9rico Villarreal Anaya present\u00f3 a la presidenta electa, Claudia Sheinbaum, y a quienes formar\u00e1n parte de su gabinete, los proyectos estrat\u00e9gicos que fortalecer\u00e1n y modernizar\u00e1n a Tamaulipas en los pr\u00f3ximos a\u00f1os.<\/p>\n\n\n\n<p>En esta reuni\u00f3n, donde tambi\u00e9n participaron los mandatarios de la regi\u00f3n noreste del pa\u00eds, el ejecutivo estatal ponder\u00f3 cada uno de los proyectos y la trascendencia de estos, que pondr\u00e1n a Tamaulipas en la escena nacional e internacional y que se reflejar\u00e1n en empleos y bienestar para las y los tamaulipecos.<\/p>\n\n\n\n<p>En conferencia de prensa, la presidenta electa dijo que, de acuerdo al presupuesto federal de 2025, estar\u00e1 contemplada una obra prioritaria por estado.<\/p>\n\n\n\n<p>Claudia Sheinbaum, despu\u00e9s de la reuni\u00f3n con los gobernadores del noreste, detall\u00f3 los pormenores del encuentro.<\/p>\n\n\n\n<p>Aparte del gobernador de Tamaulipas, Am\u00e9rico Villarreal Anaya, asistieron los mandatarios de Nuevo Le\u00f3n, Samuel Garc\u00eda; de Coahuila, Manolo Jim\u00e9nez; de Durango, Esteban Villegas; de San Luis Potos\u00ed, Ricardo Gallardo; de Aguascalientes Tere Jim\u00e9nez; de Zacatecas, David Monreal y Roc\u00edo Nahle, gobernadora electa de Veracruz.<\/p>\n","protected":false},"excerpt":{"rendered":"<p>08 de AGOSTO 2024 El gobernador Am\u00e9rico Villarreal Anaya present\u00f3 a la presidenta electa, Claudia&#8230;<\/p>\n","protected":false},"author":1,"featured_media":2969,"comment_status":"open","ping_status":"open","sticky":false,"template":"","format":"standard","meta":{"footnotes":""},"categories":[2],"tags":[],"class_list":["post-2968","post","type-post","status-publish","format-standard","has-post-thumbnail","hentry","category-tamaulipas"],"_links":{"self":[{"href":"https:\/\/noticierotamaulipeco.info\/index.php?rest_route=\/wp\/v2\/posts\/2968","targetHints":{"allow":["GET"]}}],"collection":[{"href":"https:\/\/noticierotamaulipeco.info\/index.php?rest_route=\/wp\/v2\/posts"}],"about":[{"href":"https:\/\/noticierotamaulipeco.info\/index.php?rest_route=\/wp\/v2\/types\/post"}],"author":[{"embeddable":true,"href":"https:\/\/noticierotamaulipeco.info\/index.php?rest_route=\/wp\/v2\/users\/1"}],"replies":[{"embeddable":true,"href":"https:\/\/noticierotamaulipeco.info\/index.php?rest_route=%2Fwp%2Fv2%2Fcomments&post=2968"}],"version-history":[{"count":1,"href":"https:\/\/noticierotamaulipeco.info\/index.php?rest_route=\/wp\/v2\/posts\/2968\/revisions"}],"predecessor-version":[{"id":2970,"href":"https:\/\/noticierotamaulipeco.info\/index.php?rest_route=\/wp\/v2\/posts\/2968\/revisions\/2970"}],"wp:featuredmedia":[{"embeddable":true,"href":"https:\/\/noticierotamaulipeco.info\/index.php?rest_route=\/wp\/v2\/media\/2969"}],"wp:attachment":[{"href":"https:\/\/noticierotamaulipeco.info\/index.php?rest_route=%2Fwp%2Fv2%2Fmedia&parent=2968"}],"wp:term":[{"taxonomy":"category","embeddable":true,"href":"https:\/\/noticierotamaulipeco.info\/index.php?rest_route=%2Fwp%2Fv2%2Fcategories&post=2968"},{"taxonomy":"post_tag","embeddable":true,"href":"https:\/\/noticierotamaulipeco.info\/index.php?rest_route=%2Fwp%2Fv2%2Ftags&post=2968"}],"curies":[{"name":"wp","href":"https:\/\/api.w.org\/{rel}","templated":true}]}}