{"id":2971,"date":"2024-08-08T03:33:27","date_gmt":"2024-08-08T03:33:27","guid":{"rendered":"https:\/\/noticierotamaulipeco.info\/?p=2971"},"modified":"2024-08-08T03:33:28","modified_gmt":"2024-08-08T03:33:28","slug":"ministros-gonzalez-y-laynez-reciben-impugnaciones-contra-reformas-a-ley-de-amparo-y-amnistia","status":"publish","type":"post","link":"https:\/\/noticierotamaulipeco.info\/?p=2971","title":{"rendered":"Ministros Gonz\u00e1lez y Laynez reciben impugnaciones contra reformas a Ley de Amparo y Amnist\u00eda"},"content":{"rendered":"\n<p><a href=\"https:\/\/laverdad.com.mx\/wp-content\/uploads\/2024\/08\/6miini.webp\"><\/a><\/p>\n\n\n\n<p>La ministra Norma Luc\u00eda Pi\u00f1a Hern\u00e1ndez, presidenta de la Suprema Corte de Justicia de la Naci\u00f3n (SCJN), turn\u00f3 las acciones de inconstitucionalidad promovidas por legisladores de oposici\u00f3n en contra de las reformas a las leyes de Amnist\u00eda y de Amparo<\/p>\n\n\n\n<p>Las impugnaciones fueron remitidas, para su an\u00e1lisis, a los ministros Javier Laynez y Juan Luis Gonz\u00e1lez Alc\u00e1ntara Carranc\u00e1, quienes en los pr\u00f3ximos d\u00edas deber\u00e1n resolver si admiten o no a tr\u00e1mite los recursos presentados por diputados y senadores de oposici\u00f3n.<\/p>\n\n\n\n<p>De acuerdo con los registros, la tambi\u00e9n presidenta del Consejo de la Judicatura Federal (CJF), ministra Pi\u00f1a Hern\u00e1ndez, turn\u00f3 al ministro Laynez Potisek las acciones de inconstitucionalidad contra la reforma a la Ley de Amnist\u00eda.<\/p>\n\n\n\n<p>Con las modificaciones aprobadas a esa norma, se otorga al presidente de la Rep\u00fablica la facultad para liberar o indultar a reos, sin sujetarse a un procedimiento.<\/p>\n\n\n\n<p>Por su parte, el recurso en contra de las reformas a la Ley de Amparo se turn\u00f3 al ministro Gonz\u00e1lez Alc\u00e1ntara Carranc\u00e1, en el que se impugna que los juzgadores no concedan suspensiones, con efectos generales, contra leyes.<\/p>\n\n\n\n<p>En las acciones de inconstitucionalidad, los legisladores de los partidos Acci\u00f3n Nacional, Revolucionario Institucional y de la Revoluci\u00f3n Democr\u00e1tica, establecen que las reformas a ambos ordenamientos violan los derechos humanos de los ciudadanos.<\/p>\n","protected":false},"excerpt":{"rendered":"<p>La ministra Norma Luc\u00eda Pi\u00f1a Hern\u00e1ndez, presidenta de la Suprema Corte de Justicia de la&#8230;<\/p>\n","protected":false},"author":1,"featured_media":2972,"comment_status":"open","ping_status":"open","sticky":false,"template":"","format":"standard","meta":{"footnotes":""},"categories":[3],"tags":[],"class_list":["post-2971","post","type-post","status-publish","format-standard","has-post-thumbnail","hentry","category-mexico"],"_links":{"self":[{"href":"https:\/\/noticierotamaulipeco.info\/index.php?rest_route=\/wp\/v2\/posts\/2971","targetHints":{"allow":["GET"]}}],"collection":[{"href":"https:\/\/noticierotamaulipeco.info\/index.php?rest_route=\/wp\/v2\/posts"}],"about":[{"href":"https:\/\/noticierotamaulipeco.info\/index.php?rest_route=\/wp\/v2\/types\/post"}],"author":[{"embeddable":true,"href":"https:\/\/noticierotamaulipeco.info\/index.php?rest_route=\/wp\/v2\/users\/1"}],"replies":[{"embeddable":true,"href":"https:\/\/noticierotamaulipeco.info\/index.php?rest_route=%2Fwp%2Fv2%2Fcomments&post=2971"}],"version-history":[{"count":1,"href":"https:\/\/noticierotamaulipeco.info\/index.php?rest_route=\/wp\/v2\/posts\/2971\/revisions"}],"predecessor-version":[{"id":2973,"href":"https:\/\/noticierotamaulipeco.info\/index.php?rest_route=\/wp\/v2\/posts\/2971\/revisions\/2973"}],"wp:featuredmedia":[{"embeddable":true,"href":"https:\/\/noticierotamaulipeco.info\/index.php?rest_route=\/wp\/v2\/media\/2972"}],"wp:attachment":[{"href":"https:\/\/noticierotamaulipeco.info\/index.php?rest_route=%2Fwp%2Fv2%2Fmedia&parent=2971"}],"wp:term":[{"taxonomy":"category","embeddable":true,"href":"https:\/\/noticierotamaulipeco.info\/index.php?rest_route=%2Fwp%2Fv2%2Fcategories&post=2971"},{"taxonomy":"post_tag","embeddable":true,"href":"https:\/\/noticierotamaulipeco.info\/index.php?rest_route=%2Fwp%2Fv2%2Ftags&post=2971"}],"curies":[{"name":"wp","href":"https:\/\/api.w.org\/{rel}","templated":true}]}}