{"id":2974,"date":"2024-08-08T03:34:14","date_gmt":"2024-08-08T03:34:14","guid":{"rendered":"https:\/\/noticierotamaulipeco.info\/?p=2974"},"modified":"2024-08-08T03:34:15","modified_gmt":"2024-08-08T03:34:15","slug":"nicaragua-ordena-salida-del-embajador-brasileno","status":"publish","type":"post","link":"https:\/\/noticierotamaulipeco.info\/?p=2974","title":{"rendered":"Nicaragua ordena salida del embajador brasile\u00f1o"},"content":{"rendered":"\n<p><a href=\"https:\/\/laverdad.com.mx\/wp-content\/uploads\/2024\/08\/Captura-de-pantalla-2024-08-07-203347.jpg\"><\/a><\/p>\n\n\n\n<p>El r\u00e9gimen de Nicaragua orden\u00f3 la expulsi\u00f3n del embajador de Brasil en Managua, Breno de Souza Brasil Dias da Costa, seg\u00fan inform\u00f3 la plataforma regional Divergentes, bas\u00e1ndose en fuentes diplom\u00e1ticas. La decisi\u00f3n se tom\u00f3 luego de que el diplom\u00e1tico brasile\u00f1o se negara a asistir a la celebraci\u00f3n de los 45 a\u00f1os de la revoluci\u00f3n sandinista el pasado 19 de julio en la Plaza La Fe, Managua.<\/p>\n\n\n\n<p>La ausencia de de Souza en el evento, al que asistieron principalmente delegaciones de Cuba, Venezuela y Rusia, caus\u00f3 la furia del gobierno de Daniel Ortega, ya que faltaron otros jefes de Estado y representantes diplom\u00e1ticos prominentes.<\/p>\n\n\n\n<p>Hasta ahora, ni los gobiernos de Brasil ni de Nicaragua han hecho p\u00fablica la expulsi\u00f3n. En una entrevista reciente, el presidente brasile\u00f1o, Luiz In\u00e1cio Lula da Silva, revel\u00f3 que Daniel Ortega no ha respondido a sus llamadas telef\u00f3nicas desde junio de 2023, cuando el papa Francisco le pidi\u00f3 que intercediera por el obispo de Matagalpa, monse\u00f1or Rolando \u00c1lvarez, quien fue encarcelado y posteriormente desterrado al Vaticano junto a otros 18 religiosos en enero de 2024.<\/p>\n\n\n\n<p>Lula da Silva ha tomado distancia de algunas posturas pol\u00edticas de Ortega y, junto a M\u00e9xico y Colombia, promueve una soluci\u00f3n negociada para la crisis en Venezuela, en contraste con el apoyo del r\u00e9gimen nicarag\u00fcense a Nicol\u00e1s Maduro.<\/p>\n","protected":false},"excerpt":{"rendered":"<p>El r\u00e9gimen de Nicaragua orden\u00f3 la expulsi\u00f3n del embajador de Brasil en Managua, Breno de&#8230;<\/p>\n","protected":false},"author":1,"featured_media":2975,"comment_status":"open","ping_status":"open","sticky":false,"template":"","format":"standard","meta":{"footnotes":""},"categories":[5],"tags":[],"class_list":["post-2974","post","type-post","status-publish","format-standard","has-post-thumbnail","hentry","category-internacional"],"_links":{"self":[{"href":"https:\/\/noticierotamaulipeco.info\/index.php?rest_route=\/wp\/v2\/posts\/2974","targetHints":{"allow":["GET"]}}],"collection":[{"href":"https:\/\/noticierotamaulipeco.info\/index.php?rest_route=\/wp\/v2\/posts"}],"about":[{"href":"https:\/\/noticierotamaulipeco.info\/index.php?rest_route=\/wp\/v2\/types\/post"}],"author":[{"embeddable":true,"href":"https:\/\/noticierotamaulipeco.info\/index.php?rest_route=\/wp\/v2\/users\/1"}],"replies":[{"embeddable":true,"href":"https:\/\/noticierotamaulipeco.info\/index.php?rest_route=%2Fwp%2Fv2%2Fcomments&post=2974"}],"version-history":[{"count":1,"href":"https:\/\/noticierotamaulipeco.info\/index.php?rest_route=\/wp\/v2\/posts\/2974\/revisions"}],"predecessor-version":[{"id":2976,"href":"https:\/\/noticierotamaulipeco.info\/index.php?rest_route=\/wp\/v2\/posts\/2974\/revisions\/2976"}],"wp:featuredmedia":[{"embeddable":true,"href":"https:\/\/noticierotamaulipeco.info\/index.php?rest_route=\/wp\/v2\/media\/2975"}],"wp:attachment":[{"href":"https:\/\/noticierotamaulipeco.info\/index.php?rest_route=%2Fwp%2Fv2%2Fmedia&parent=2974"}],"wp:term":[{"taxonomy":"category","embeddable":true,"href":"https:\/\/noticierotamaulipeco.info\/index.php?rest_route=%2Fwp%2Fv2%2Fcategories&post=2974"},{"taxonomy":"post_tag","embeddable":true,"href":"https:\/\/noticierotamaulipeco.info\/index.php?rest_route=%2Fwp%2Fv2%2Ftags&post=2974"}],"curies":[{"name":"wp","href":"https:\/\/api.w.org\/{rel}","templated":true}]}}