{"id":2995,"date":"2024-08-09T03:48:31","date_gmt":"2024-08-09T03:48:31","guid":{"rendered":"https:\/\/noticierotamaulipeco.info\/?p=2995"},"modified":"2024-08-08T03:49:16","modified_gmt":"2024-08-08T03:49:16","slug":"nasa-planea-retorno-del-starliner-para-2025","status":"publish","type":"post","link":"https:\/\/noticierotamaulipeco.info\/?p=2995","title":{"rendered":"NASA planea retorno del  Starliner para 2025"},"content":{"rendered":"\n<p><a href=\"https:\/\/laverdad.com.mx\/wp-content\/uploads\/2024\/08\/ASTRONAUTAS.jpg\"><\/a><\/p>\n\n\n\n<p>La NASA anunci\u00f3 este mi\u00e9rcoles que est\u00e1 evaluando la posibilidad de traer de regreso a los astronautas Barry \u2018Butch\u2019 Wilmore y Sunita \u2018Suni\u2019 Williams, actualmente a bordo de la Estaci\u00f3n Espacial Internacional (EEI), en febrero de 2025 utilizando una c\u00e1psula Dragon de SpaceX.<\/p>\n\n\n\n<p>Wilmore y Williams, que forman parte de la primera misi\u00f3n espacial tripulada de Boeing, llevan 63 d\u00edas en la EEI, casi siete semanas m\u00e1s de lo previsto, debido a problemas t\u00e9cnicos en la nave Starliner. Durante una teleconferencia, directivos de la NASA informaron que a\u00fan no hay una fecha definida para su regreso y que barajan la opci\u00f3n de usar la c\u00e1psula Dragon o incluso una nave rusa Soyuz.<\/p>\n\n\n\n<p>La agencia estima tomar una decisi\u00f3n sobre el uso de la Dragon a mediados de este mes. Si optan por esta v\u00eda, la misi\u00f3n Crew 9 a la EEI llevar\u00eda solo dos tripulantes en lugar de los habituales cuatro, reservando los dos asientos restantes para Wilmore y Williams, quienes tendr\u00edan que permanecer en el laboratorio orbital por otros seis meses adicionales.<\/p>\n\n\n\n<p>Steve Stich, gerente del Programa de Tripulaci\u00f3n Comercial de la NASA, indic\u00f3 que todav\u00eda no se ha tomado una decisi\u00f3n definitiva y que se est\u00e1 trabajando estrechamente con Boeing, NASA y SpaceX para evaluar todas las opciones. Dana Weigel, subdirectora del Programa de la Estaci\u00f3n Espacial Internacional de la NASA, mencion\u00f3 que se est\u00e1 elaborando un plan de contingencia, pero a\u00fan no se han determinado las fechas de regreso ni el veh\u00edculo que se utilizar\u00e1.<\/p>\n\n\n\n<p>Los astronautas deb\u00edan regresar a la Tierra el pasado 14 de junio, ocho d\u00edas despu\u00e9s de su lanzamiento desde el Centro Espacial Kennedy en Florida. Sin embargo, fallas en los propulsores y peque\u00f1as fugas de helio en la Starliner han impedido su regreso. Ingenieros de la NASA y Boeing siguen realizando pruebas para comprender la causa principal de estos problemas y c\u00f3mo pueden afectar el regreso de la tripulaci\u00f3n.<\/p>\n\n\n\n<p>La NASA y SpaceX tambi\u00e9n informaron que el lanzamiento de la misi\u00f3n Crew-9, inicialmente previsto para el 18 de agosto, se ha reprogramado para el 24 de septiembre. Este ajuste permitir\u00e1 m\u00e1s tiempo para finalizar las pruebas y planificar el regreso seguro de la primera misi\u00f3n tripulada de la Starliner, que busca obtener las certificaciones necesarias para funcionar como un segundo proveedor de transporte a la EEI, junto con SpaceX.<\/p>\n","protected":false},"excerpt":{"rendered":"<p>La NASA anunci\u00f3 este mi\u00e9rcoles que est\u00e1 evaluando la posibilidad de traer de regreso a&#8230;<\/p>\n","protected":false},"author":1,"featured_media":2996,"comment_status":"open","ping_status":"open","sticky":false,"template":"","format":"standard","meta":{"footnotes":""},"categories":[5],"tags":[],"class_list":["post-2995","post","type-post","status-publish","format-standard","has-post-thumbnail","hentry","category-internacional"],"_links":{"self":[{"href":"https:\/\/noticierotamaulipeco.info\/index.php?rest_route=\/wp\/v2\/posts\/2995","targetHints":{"allow":["GET"]}}],"collection":[{"href":"https:\/\/noticierotamaulipeco.info\/index.php?rest_route=\/wp\/v2\/posts"}],"about":[{"href":"https:\/\/noticierotamaulipeco.info\/index.php?rest_route=\/wp\/v2\/types\/post"}],"author":[{"embeddable":true,"href":"https:\/\/noticierotamaulipeco.info\/index.php?rest_route=\/wp\/v2\/users\/1"}],"replies":[{"embeddable":true,"href":"https:\/\/noticierotamaulipeco.info\/index.php?rest_route=%2Fwp%2Fv2%2Fcomments&post=2995"}],"version-history":[{"count":1,"href":"https:\/\/noticierotamaulipeco.info\/index.php?rest_route=\/wp\/v2\/posts\/2995\/revisions"}],"predecessor-version":[{"id":2997,"href":"https:\/\/noticierotamaulipeco.info\/index.php?rest_route=\/wp\/v2\/posts\/2995\/revisions\/2997"}],"wp:featuredmedia":[{"embeddable":true,"href":"https:\/\/noticierotamaulipeco.info\/index.php?rest_route=\/wp\/v2\/media\/2996"}],"wp:attachment":[{"href":"https:\/\/noticierotamaulipeco.info\/index.php?rest_route=%2Fwp%2Fv2%2Fmedia&parent=2995"}],"wp:term":[{"taxonomy":"category","embeddable":true,"href":"https:\/\/noticierotamaulipeco.info\/index.php?rest_route=%2Fwp%2Fv2%2Fcategories&post=2995"},{"taxonomy":"post_tag","embeddable":true,"href":"https:\/\/noticierotamaulipeco.info\/index.php?rest_route=%2Fwp%2Fv2%2Ftags&post=2995"}],"curies":[{"name":"wp","href":"https:\/\/api.w.org\/{rel}","templated":true}]}}