{"id":3096,"date":"2024-08-14T19:24:57","date_gmt":"2024-08-14T19:24:57","guid":{"rendered":"https:\/\/noticierotamaulipeco.info\/?p=3096"},"modified":"2024-08-16T19:25:35","modified_gmt":"2024-08-16T19:25:35","slug":"felicita-poder-legislativo-a-la-secretaria-de-desarrollo-energetico-por-el-congreso-mexicano-del-petroleo","status":"publish","type":"post","link":"https:\/\/noticierotamaulipeco.info\/?p=3096","title":{"rendered":"Felicita Poder Legislativo a la Secretar\u00eda de Desarrollo Energ\u00e9tico por el Congreso Mexicano del Petr\u00f3leo"},"content":{"rendered":"\n<p>SDE-024-2024<\/p>\n\n\n\n<p>Agosto 14 de 2024<\/p>\n\n\n\n<p>Ciudad Victoria, Tamaulipas.- El Congreso del Estado Libre y Soberano de Tamaulipas, felicit\u00f3 a la Secretar\u00eda de Desarrollo Energ\u00e9tico por la exitosa organizaci\u00f3n del Congreso Mexicano del Petr\u00f3leo, que tuvo como sede Tampico.<\/p>\n\n\n\n<p>En una carta enviada y firmada por el presidente de la Diputaci\u00f3n Permanente, Humberto Armando Prieto, reiter\u00f3 esta felicitaci\u00f3n remarcando que se demostr\u00f3 el potencial energ\u00e9tico de Tamaulipas.<\/p>\n\n\n\n<p>\u201cLa Legislatura 65 del Congreso del Estado Libre y Soberano de Tamaulipas, expresa el m\u00e1s amplio reconocimiento al bi\u00f3logo Jos\u00e9 Ram\u00f3n Silva Arizabalo, titular de la Secretar\u00eda de Desarrollo Energ\u00e9tico del Gobierno del Estado, por su destacada participaci\u00f3n y organizaci\u00f3n del Congreso Mexicano del Petr\u00f3leo, realizado en Tampico, Tamaulipas, del 19 al 22 de junio del 2024, donde se dio cuenta a la comunidad internacional el enorme potencial energ\u00e9tico de nuestra entidad federativa\u201d, se lee en el documento.<\/p>\n\n\n\n<p>El Congreso Mexicano del Petr\u00f3leo se celebr\u00f3 en la Expo Tampico, lugar donde la comunidad experta en el sector petrolero y energ\u00e9tico conocieron las bondades, potencial y recursos que cuenta Tamaulipas, como zona ideal de inversi\u00f3n.<\/p>\n\n\n\n<p>Tuvo una asistencia r\u00e9cord con m\u00e1s de 10 expositores, congresistas y alumnos. Adem\u00e1s de una derrama econ\u00f3mica de 123 millones de pesos y la ocupaci\u00f3n hotelera al 98% de la zona conurbada, no vista en m\u00e1s de hace 4 a\u00f1os<\/p>\n","protected":false},"excerpt":{"rendered":"<p>SDE-024-2024 Agosto 14 de 2024 Ciudad Victoria, Tamaulipas.- El Congreso del Estado Libre y Soberano&#8230;<\/p>\n","protected":false},"author":1,"featured_media":3097,"comment_status":"open","ping_status":"open","sticky":false,"template":"","format":"standard","meta":{"footnotes":""},"categories":[2],"tags":[],"class_list":["post-3096","post","type-post","status-publish","format-standard","has-post-thumbnail","hentry","category-tamaulipas"],"_links":{"self":[{"href":"https:\/\/noticierotamaulipeco.info\/index.php?rest_route=\/wp\/v2\/posts\/3096","targetHints":{"allow":["GET"]}}],"collection":[{"href":"https:\/\/noticierotamaulipeco.info\/index.php?rest_route=\/wp\/v2\/posts"}],"about":[{"href":"https:\/\/noticierotamaulipeco.info\/index.php?rest_route=\/wp\/v2\/types\/post"}],"author":[{"embeddable":true,"href":"https:\/\/noticierotamaulipeco.info\/index.php?rest_route=\/wp\/v2\/users\/1"}],"replies":[{"embeddable":true,"href":"https:\/\/noticierotamaulipeco.info\/index.php?rest_route=%2Fwp%2Fv2%2Fcomments&post=3096"}],"version-history":[{"count":1,"href":"https:\/\/noticierotamaulipeco.info\/index.php?rest_route=\/wp\/v2\/posts\/3096\/revisions"}],"predecessor-version":[{"id":3098,"href":"https:\/\/noticierotamaulipeco.info\/index.php?rest_route=\/wp\/v2\/posts\/3096\/revisions\/3098"}],"wp:featuredmedia":[{"embeddable":true,"href":"https:\/\/noticierotamaulipeco.info\/index.php?rest_route=\/wp\/v2\/media\/3097"}],"wp:attachment":[{"href":"https:\/\/noticierotamaulipeco.info\/index.php?rest_route=%2Fwp%2Fv2%2Fmedia&parent=3096"}],"wp:term":[{"taxonomy":"category","embeddable":true,"href":"https:\/\/noticierotamaulipeco.info\/index.php?rest_route=%2Fwp%2Fv2%2Fcategories&post=3096"},{"taxonomy":"post_tag","embeddable":true,"href":"https:\/\/noticierotamaulipeco.info\/index.php?rest_route=%2Fwp%2Fv2%2Ftags&post=3096"}],"curies":[{"name":"wp","href":"https:\/\/api.w.org\/{rel}","templated":true}]}}