{"id":3116,"date":"2024-08-17T19:52:17","date_gmt":"2024-08-17T19:52:17","guid":{"rendered":"https:\/\/noticierotamaulipeco.info\/?p=3116"},"modified":"2024-08-19T19:52:38","modified_gmt":"2024-08-19T19:52:38","slug":"concluye-guardia-estatal-capacitacion-impartida-por-la-policia-nacional-de-colombia","status":"publish","type":"post","link":"https:\/\/noticierotamaulipeco.info\/?p=3116","title":{"rendered":"Concluye Guardia Estatal capacitaci\u00f3n impartida por la Polic\u00eda Nacional de Colombia"},"content":{"rendered":"\n<p>-Colaboraci\u00f3n internacional permite mejorar el desempe\u00f1o del personal de la SSPT<\/p>\n\n\n\n<p>SSP-133-2024<\/p>\n\n\n\n<p>Agosto 17 de 2024<\/p>\n\n\n\n<p>Ciudad Victoria, Tamaulipas. \u2013 Tras dos semanas de capacitaci\u00f3n a cargo de instructores de la Polic\u00eda Nacional de Colombia, personal de la Guardia Estatal agradeci\u00f3 esta colaboraci\u00f3n internacional que contribuye a su formaci\u00f3n y desempe\u00f1o profesional al servicio de la ciudadan\u00eda tamaulipeca.<\/p>\n\n\n\n<p>\u201cEs sumamente importante, y m\u00e1s que nada estarnos capacitando constantemente, eso nos va a ayudar a que hagamos un trabajo m\u00e1s profesional de lo que ya estamos realizando\u201d, manifest\u00f3 el suboficial, Irving Zamarr\u00f3n quien junto a 28 compa\u00f1eros de la Guardia Estatal recibi\u00f3 esta capacitaci\u00f3n en materia de an\u00e1lisis y procesamiento del lugar de los hechos.<\/p>\n\n\n\n<p>Coment\u00f3, la parte m\u00e1s retadora fue la etapa pr\u00e1ctica, sin embargo, gracias a la ense\u00f1anza de los instructores, C\u00e9sar Augusto Barrera Le\u00f3n y Juan de Jes\u00fas Meneses Chac\u00f3n, Intendentes de la Polic\u00eda Nacional de Colombia, los conocimientos fueron adquiridos con \u00e9xito.<\/p>\n\n\n\n<p>Por su parte, la polic\u00eda segundo Gabriela Barr\u00f3n, destac\u00f3 que estas capacitaciones adem\u00e1s de reforzar los conocimientos existentes, son un aliciente para adquirir nuevas habilidades, por lo cual, agradeci\u00f3 a la Secretar\u00eda de Seguridad P\u00fablica de Tamaulipas (SSPT) por realizar estas gestiones que permite al personal operativo realizar un mejor trabajo al servicio de las y los tamaulipecos.<\/p>\n\n\n\n<p>***<\/p>\n","protected":false},"excerpt":{"rendered":"<p>-Colaboraci\u00f3n internacional permite mejorar el desempe\u00f1o del personal de la SSPT SSP-133-2024 Agosto 17 de&#8230;<\/p>\n","protected":false},"author":1,"featured_media":3117,"comment_status":"open","ping_status":"open","sticky":false,"template":"","format":"standard","meta":{"footnotes":""},"categories":[2],"tags":[],"class_list":["post-3116","post","type-post","status-publish","format-standard","has-post-thumbnail","hentry","category-tamaulipas"],"_links":{"self":[{"href":"https:\/\/noticierotamaulipeco.info\/index.php?rest_route=\/wp\/v2\/posts\/3116","targetHints":{"allow":["GET"]}}],"collection":[{"href":"https:\/\/noticierotamaulipeco.info\/index.php?rest_route=\/wp\/v2\/posts"}],"about":[{"href":"https:\/\/noticierotamaulipeco.info\/index.php?rest_route=\/wp\/v2\/types\/post"}],"author":[{"embeddable":true,"href":"https:\/\/noticierotamaulipeco.info\/index.php?rest_route=\/wp\/v2\/users\/1"}],"replies":[{"embeddable":true,"href":"https:\/\/noticierotamaulipeco.info\/index.php?rest_route=%2Fwp%2Fv2%2Fcomments&post=3116"}],"version-history":[{"count":1,"href":"https:\/\/noticierotamaulipeco.info\/index.php?rest_route=\/wp\/v2\/posts\/3116\/revisions"}],"predecessor-version":[{"id":3118,"href":"https:\/\/noticierotamaulipeco.info\/index.php?rest_route=\/wp\/v2\/posts\/3116\/revisions\/3118"}],"wp:featuredmedia":[{"embeddable":true,"href":"https:\/\/noticierotamaulipeco.info\/index.php?rest_route=\/wp\/v2\/media\/3117"}],"wp:attachment":[{"href":"https:\/\/noticierotamaulipeco.info\/index.php?rest_route=%2Fwp%2Fv2%2Fmedia&parent=3116"}],"wp:term":[{"taxonomy":"category","embeddable":true,"href":"https:\/\/noticierotamaulipeco.info\/index.php?rest_route=%2Fwp%2Fv2%2Fcategories&post=3116"},{"taxonomy":"post_tag","embeddable":true,"href":"https:\/\/noticierotamaulipeco.info\/index.php?rest_route=%2Fwp%2Fv2%2Ftags&post=3116"}],"curies":[{"name":"wp","href":"https:\/\/api.w.org\/{rel}","templated":true}]}}