{"id":3132,"date":"2024-08-19T03:32:28","date_gmt":"2024-08-19T03:32:28","guid":{"rendered":"https:\/\/noticierotamaulipeco.info\/?p=3132"},"modified":"2024-08-22T03:34:23","modified_gmt":"2024-08-22T03:34:23","slug":"la-uat-es-la-universidad-del-pueblo-de-tamaulipas-gobernador","status":"publish","type":"post","link":"https:\/\/noticierotamaulipeco.info\/?p=3132","title":{"rendered":"La UAT es la universidad del pueblo de Tamaulipas: Gobernador"},"content":{"rendered":"\n<p><br>\uf0b7 El Dr. Am\u00e9rico Villarreal presidi\u00f3 con el rector D\u00e1maso Anaya la ceremonia<br>de inicio de actividades acad\u00e9micas de la UAT, se\u00f1alando que la casa de<br>estudios est\u00e1 revitalizando su esp\u00edritu, recuperando sus valores<br>fundamentales y su misi\u00f3n social.<br>Al presidir la ceremonia c\u00edvica de inicio de actividades acad\u00e9micas de la<br>Universidad Aut\u00f3noma de Tamaulipas (UAT), el gobernador Am\u00e9rico Villarreal<br>Anaya dio la bienvenida a la comunidad universitaria y expres\u00f3 que es<br>satisfactorio confirmar que la casa de estudios avanza a buen paso, con logros y<br>m\u00e1s expectativas.<br>En este marco, el mandatario estatal refrend\u00f3 todo su respaldo a la UAT y el<br>compromiso de seguir apoyando la transformaci\u00f3n institucional impulsada por el<br>rector D\u00e1maso Anaya Alvarado.<br>El Dr. Am\u00e9rico Villareal destac\u00f3 que es un orgullo contar con una<br>instituci\u00f3n de calidad como la UAT, que ha expandido su oferta a la formaci\u00f3n de<br>profesionales con vocaciones productivas, respondiendo a las necesidades de<br>nuestro tiempo.<br>Subray\u00f3 tambi\u00e9n la trascendencia de las obras que se est\u00e1n impulsando con una<br>inversi\u00f3n de m\u00e1s de 400 millones de pesos en lo que va de este 2024, para<br>mejorar laboratorios, aulas, y espacios deportivos y culturales.<br>\u201cLa casa de estudios avanza a buen paso; se dignifican espacios, se mejora<br>la infraestructura de todo tipo y se invierte lo que antes se perd\u00eda en el camino de<br>la opacidad\u201d, asegur\u00f3 el gobernador.<br>\u201cPero a todo esto sumemos la renovaci\u00f3n del compromiso social de la<br>Universidad; su esfuerzo por dotar al estado de una investigaci\u00f3n aplicada, dirigida<br>a solucionar problemas y lograr mayores oportunidades de desarrollo. Su esfuerzo<br>\u2014a\u00f1adi\u00f3\u2014 est\u00e1 dirigido a ser la universidad del pueblo de Tamaulipas y a formar<br>a todas y todos en el humanismo\u201d, puntualiz\u00f3.<\/p>\n\n\n\n<p>Felicit\u00f3 al MVZ D\u00e1maso Anaya por estar dentro de los rectores mejor<br>calificados del pa\u00eds, as\u00ed como a la comunidad universitaria por el trabajo en<br>equipo, se\u00f1alando que la UAT est\u00e1 revitalizando su esp\u00edritu, recuperando sus<br>valores fundamentales y su imprescindible misi\u00f3n social.<br>Por su parte, el rector D\u00e1maso Anaya agradeci\u00f3 la presencia del mandatario<br>y resalt\u00f3 que, en este a\u00f1o de profundas transformaciones en el sector educativo,<br>la UAT se posiciona a la vanguardia con iniciativas que promueven la innovaci\u00f3n y<br>la transformaci\u00f3n del entorno.<br>\u201cSe\u00f1or gobernador, en la UAT estamos comprometidos a seguir<br>contribuyendo al progreso de Tamaulipas, aline\u00e1ndonos con sus proyectos y<br>pol\u00edticas educativas y, por supuesto, con las pol\u00edticas que en materia de educaci\u00f3n<br>establezca el gobierno federal que pr\u00f3ximamente encabezar\u00e1 la Dra. Claudia<br>Sheinbaum Pardo\u201d, asent\u00f3.<br>\u201cTenemos claro y definido el rumbo hacia d\u00f3nde vamos, el nuevo rostro de la<br>UAT est\u00e1 en marcha. No tendremos pausas ni limitaciones para que todos<br>estemos orgullosos de pertenecer a la m\u00e1s grande y mejor universidad de<br>Tamaulipas\u201d, concluy\u00f3.<br>Al evento que se realiz\u00f3 en el Gimnasio Multidisciplinario del Centro<br>Universitario Victoria asistieron secretarios del Gobierno de Tamaulipas,<br>representantes del Poder Legislativo y Judicial, as\u00ed como funcionarios, docentes y<br>estudiantes de la UAT.<\/p>\n","protected":false},"excerpt":{"rendered":"<p>\uf0b7 El Dr. Am\u00e9rico Villarreal presidi\u00f3 con el rector D\u00e1maso Anaya la ceremoniade inicio de&#8230;<\/p>\n","protected":false},"author":1,"featured_media":3133,"comment_status":"open","ping_status":"open","sticky":false,"template":"","format":"standard","meta":{"footnotes":""},"categories":[4,2],"tags":[],"class_list":["post-3132","post","type-post","status-publish","format-standard","has-post-thumbnail","hentry","category-educacion","category-tamaulipas"],"_links":{"self":[{"href":"https:\/\/noticierotamaulipeco.info\/index.php?rest_route=\/wp\/v2\/posts\/3132","targetHints":{"allow":["GET"]}}],"collection":[{"href":"https:\/\/noticierotamaulipeco.info\/index.php?rest_route=\/wp\/v2\/posts"}],"about":[{"href":"https:\/\/noticierotamaulipeco.info\/index.php?rest_route=\/wp\/v2\/types\/post"}],"author":[{"embeddable":true,"href":"https:\/\/noticierotamaulipeco.info\/index.php?rest_route=\/wp\/v2\/users\/1"}],"replies":[{"embeddable":true,"href":"https:\/\/noticierotamaulipeco.info\/index.php?rest_route=%2Fwp%2Fv2%2Fcomments&post=3132"}],"version-history":[{"count":1,"href":"https:\/\/noticierotamaulipeco.info\/index.php?rest_route=\/wp\/v2\/posts\/3132\/revisions"}],"predecessor-version":[{"id":3134,"href":"https:\/\/noticierotamaulipeco.info\/index.php?rest_route=\/wp\/v2\/posts\/3132\/revisions\/3134"}],"wp:featuredmedia":[{"embeddable":true,"href":"https:\/\/noticierotamaulipeco.info\/index.php?rest_route=\/wp\/v2\/media\/3133"}],"wp:attachment":[{"href":"https:\/\/noticierotamaulipeco.info\/index.php?rest_route=%2Fwp%2Fv2%2Fmedia&parent=3132"}],"wp:term":[{"taxonomy":"category","embeddable":true,"href":"https:\/\/noticierotamaulipeco.info\/index.php?rest_route=%2Fwp%2Fv2%2Fcategories&post=3132"},{"taxonomy":"post_tag","embeddable":true,"href":"https:\/\/noticierotamaulipeco.info\/index.php?rest_route=%2Fwp%2Fv2%2Ftags&post=3132"}],"curies":[{"name":"wp","href":"https:\/\/api.w.org\/{rel}","templated":true}]}}