{"id":3186,"date":"2024-08-26T16:00:31","date_gmt":"2024-08-26T16:00:31","guid":{"rendered":"https:\/\/noticierotamaulipeco.info\/?p=3186"},"modified":"2024-08-30T16:01:01","modified_gmt":"2024-08-30T16:01:01","slug":"arranca-gobernador-de-tamaulipas-programa-el-albergue-es-nuestro","status":"publish","type":"post","link":"https:\/\/noticierotamaulipeco.info\/?p=3186","title":{"rendered":"Arranca gobernador de Tamaulipas programa \u201cEl Albergue es Nuestro\u201d"},"content":{"rendered":"\n<p>-La finalidad es dignificar la estancia de las y los alumnos de 13 albergues escolares, anuncia Am\u00e9rico Villarreal<\/p>\n\n\n\n<p>109-2024<\/p>\n\n\n\n<p>Agosto 26 de 2024<\/p>\n\n\n\n<p>Jaumave, Tamaulipas.- El gobernador Am\u00e9rico Villarreal Anaya anunci\u00f3 la puesta en marcha del programa \u00abEl Albergue es Nuestro\u00bb, a fin de dignificar la estancia de las y los alumnos que los requieren y para que los 13 alojamientos escolares que operan en el estado est\u00e9n cada vez en mejores condiciones.<\/p>\n\n\n\n<p>\u00abVamos a hacer el compromiso de, as\u00ed como La Escuela es Nuestra, siguiendo este ejemplo y esta vocaci\u00f3n de servicio humanista de nuestros programas a nivel federal que encabeza el presidente y nuestra pr\u00f3xima presidenta, vamos a tomar aqu\u00ed en el estado el compromiso de hacer \u2018El Albergue es Nuestro\u2019\u00bb, dijo.<\/p>\n\n\n\n<p>Luego de su visita al albergue escolar \u201cProf. Mario Aguilera Dorantes\u00bb en el municipio de Jaumave, considerado el primero que se inaugur\u00f3 en el estado en 1978, y acompa\u00f1ado por la presidenta del DIF Tamaulipas, doctora Mar\u00eda de Villarreal, el mandatario estatal reconoci\u00f3 el esfuerzo de madres de familia, voluntarios y maestros que cooperan en este centro educativo y que son ejemplo de una sociedad organizada, participativa y colaborativa.<\/p>\n\n\n\n<p>\u00abCon este programa que vamos a implementar, planear y organizar, vamos a estar cada vez en mejores condiciones para que ustedes tengan la mejor oportunidad de desarrollarse como seres humanos, como personas, y participen activamente en la transformaci\u00f3n de nuestro pa\u00eds\u00bb, mencion\u00f3.<\/p>\n\n\n\n<p>Como parte de su visita al albergue, donde fue recibido por el director Javier Garza, el gobernador y la presidenta del DIF iniciaron una campa\u00f1a de reforestaci\u00f3n, visitaron las \u00e1reas del taller de carpinter\u00eda, el huerto escolar y la panader\u00eda artesanal.<\/p>\n\n\n\n<p>Adem\u00e1s, entregaron tablets a los 33 alumnos, as\u00ed como enseres dom\u00e9sticos, l\u00ednea blanca y uniformes escolares.<\/p>\n\n\n\n<p>Previo a ello, el mandatario estatal puso en marcha el Ciclo Escolar 2024-2025 en la Escuela Primaria Francisco Zarco, del ejido San Antonio en ese municipio, acci\u00f3n que se realiz\u00f3 de manera simult\u00e1nea en los 43 municipios con la presencia de funcionarios de las diferentes dependencias estatales.<\/p>\n","protected":false},"excerpt":{"rendered":"<p>-La finalidad es dignificar la estancia de las y los alumnos de 13 albergues escolares,&#8230;<\/p>\n","protected":false},"author":1,"featured_media":3187,"comment_status":"open","ping_status":"open","sticky":false,"template":"","format":"standard","meta":{"footnotes":""},"categories":[2],"tags":[],"class_list":["post-3186","post","type-post","status-publish","format-standard","has-post-thumbnail","hentry","category-tamaulipas"],"_links":{"self":[{"href":"https:\/\/noticierotamaulipeco.info\/index.php?rest_route=\/wp\/v2\/posts\/3186","targetHints":{"allow":["GET"]}}],"collection":[{"href":"https:\/\/noticierotamaulipeco.info\/index.php?rest_route=\/wp\/v2\/posts"}],"about":[{"href":"https:\/\/noticierotamaulipeco.info\/index.php?rest_route=\/wp\/v2\/types\/post"}],"author":[{"embeddable":true,"href":"https:\/\/noticierotamaulipeco.info\/index.php?rest_route=\/wp\/v2\/users\/1"}],"replies":[{"embeddable":true,"href":"https:\/\/noticierotamaulipeco.info\/index.php?rest_route=%2Fwp%2Fv2%2Fcomments&post=3186"}],"version-history":[{"count":1,"href":"https:\/\/noticierotamaulipeco.info\/index.php?rest_route=\/wp\/v2\/posts\/3186\/revisions"}],"predecessor-version":[{"id":3188,"href":"https:\/\/noticierotamaulipeco.info\/index.php?rest_route=\/wp\/v2\/posts\/3186\/revisions\/3188"}],"wp:featuredmedia":[{"embeddable":true,"href":"https:\/\/noticierotamaulipeco.info\/index.php?rest_route=\/wp\/v2\/media\/3187"}],"wp:attachment":[{"href":"https:\/\/noticierotamaulipeco.info\/index.php?rest_route=%2Fwp%2Fv2%2Fmedia&parent=3186"}],"wp:term":[{"taxonomy":"category","embeddable":true,"href":"https:\/\/noticierotamaulipeco.info\/index.php?rest_route=%2Fwp%2Fv2%2Fcategories&post=3186"},{"taxonomy":"post_tag","embeddable":true,"href":"https:\/\/noticierotamaulipeco.info\/index.php?rest_route=%2Fwp%2Fv2%2Ftags&post=3186"}],"curies":[{"name":"wp","href":"https:\/\/api.w.org\/{rel}","templated":true}]}}