{"id":3189,"date":"2024-08-27T16:02:37","date_gmt":"2024-08-27T16:02:37","guid":{"rendered":"https:\/\/noticierotamaulipeco.info\/?p=3189"},"modified":"2024-08-30T16:03:08","modified_gmt":"2024-08-30T16:03:08","slug":"capacitan-dif-tamaulipas-e-itabec-a-personal-que-atendera-a-beneficiarios-de-becas-para-el-presente-ciclo-escolar","status":"publish","type":"post","link":"https:\/\/noticierotamaulipeco.info\/?p=3189","title":{"rendered":"Capacitan DIF Tamaulipas e ITABEC a personal que atender\u00e1 a beneficiarios de becas para el presente ciclo escolar"},"content":{"rendered":"\n<p>En el ciclo escolar anterior se beneficiaron a cerca de 4 mil 500 personas de todo el estado por parte del DIF Estatal<\/p>\n\n\n\n<p>DIF-060-2024<\/p>\n\n\n\n<p>Agosto 27 de 2024<\/p>\n\n\n\n<p>Ciudad Victoria, Tamaulipas. Para mejorar la atenci\u00f3n y los servicios en el otorgamiento de los est\u00edmulos educativos en el presente ciclo escolar, el Instituto Tamaulipeco de Becas, Est\u00edmulos y Cr\u00e9ditos Educativo (ITABEC), junto al DIF Tamaulipas que preside la doctora Mar\u00eda de Villarreal, llevaron a cabo una capacitaci\u00f3n al personal que estar\u00e1 recibiendo la documentaci\u00f3n de los beneficiarios de las becas \u201cEsperanza de Tamaulipas\u201d y \u201cPara la Inclusi\u00f3n Social en Tamaulipas\u201d.<\/p>\n\n\n\n<p>\u201cEn el Sistema DIF Tamaulipas estamos muy contentos de poder extender estos est\u00edmulos a trav\u00e9s del programa PANNARTI para ni\u00f1as, ni\u00f1os y adolescentes en riesgo de trabajo infantil y del Programa de Atenci\u00f3n a Personas con Discapacidad del CREE, que en el ciclo escolar 2023-2024 beneficiaron a cerca de 4 mil 500 personas de todo el estado\u201d, mencion\u00f3 Patricia Lara Ayala, directora general del DIF Estatal.<\/p>\n\n\n\n<p>En esta capacitaci\u00f3n participan 41 v\u00ednculos del Sistema DIF Tamaulipas, adem\u00e1s de 32 coordinadores y enlaces municipales, quienes ser\u00e1n los encargados de recabar la documentaci\u00f3n necesaria, adem\u00e1s de orientar en su caso a los beneficiarios de estos est\u00edmulos para que puedan acceder a ellos de la mejor manera posible.<\/p>\n\n\n\n<p>El director general del ITABEC, Juan Guillermo Manzur Arzola, destac\u00f3 el car\u00e1cter humanista y la vocaci\u00f3n de servicio que tienen el gobernador del Estado y la presidenta del DIF Tamaulipas, y conmin\u00f3 a las y los servidores p\u00fablicos que atender\u00e1n a las personas beneficiarias, el tomar en cuenta estas virtudes y tratar con calidad humana y sencillez a cada uno de ellos<\/p>\n","protected":false},"excerpt":{"rendered":"<p>En el ciclo escolar anterior se beneficiaron a cerca de 4 mil 500 personas de&#8230;<\/p>\n","protected":false},"author":1,"featured_media":3190,"comment_status":"open","ping_status":"open","sticky":false,"template":"","format":"standard","meta":{"footnotes":""},"categories":[2],"tags":[],"class_list":["post-3189","post","type-post","status-publish","format-standard","has-post-thumbnail","hentry","category-tamaulipas"],"_links":{"self":[{"href":"https:\/\/noticierotamaulipeco.info\/index.php?rest_route=\/wp\/v2\/posts\/3189","targetHints":{"allow":["GET"]}}],"collection":[{"href":"https:\/\/noticierotamaulipeco.info\/index.php?rest_route=\/wp\/v2\/posts"}],"about":[{"href":"https:\/\/noticierotamaulipeco.info\/index.php?rest_route=\/wp\/v2\/types\/post"}],"author":[{"embeddable":true,"href":"https:\/\/noticierotamaulipeco.info\/index.php?rest_route=\/wp\/v2\/users\/1"}],"replies":[{"embeddable":true,"href":"https:\/\/noticierotamaulipeco.info\/index.php?rest_route=%2Fwp%2Fv2%2Fcomments&post=3189"}],"version-history":[{"count":1,"href":"https:\/\/noticierotamaulipeco.info\/index.php?rest_route=\/wp\/v2\/posts\/3189\/revisions"}],"predecessor-version":[{"id":3191,"href":"https:\/\/noticierotamaulipeco.info\/index.php?rest_route=\/wp\/v2\/posts\/3189\/revisions\/3191"}],"wp:featuredmedia":[{"embeddable":true,"href":"https:\/\/noticierotamaulipeco.info\/index.php?rest_route=\/wp\/v2\/media\/3190"}],"wp:attachment":[{"href":"https:\/\/noticierotamaulipeco.info\/index.php?rest_route=%2Fwp%2Fv2%2Fmedia&parent=3189"}],"wp:term":[{"taxonomy":"category","embeddable":true,"href":"https:\/\/noticierotamaulipeco.info\/index.php?rest_route=%2Fwp%2Fv2%2Fcategories&post=3189"},{"taxonomy":"post_tag","embeddable":true,"href":"https:\/\/noticierotamaulipeco.info\/index.php?rest_route=%2Fwp%2Fv2%2Ftags&post=3189"}],"curies":[{"name":"wp","href":"https:\/\/api.w.org\/{rel}","templated":true}]}}