{"id":3251,"date":"2024-08-30T15:15:42","date_gmt":"2024-08-30T15:15:42","guid":{"rendered":"https:\/\/noticierotamaulipeco.info\/?p=3251"},"modified":"2024-09-02T15:17:20","modified_gmt":"2024-09-02T15:17:20","slug":"la-fgr-desconoce-ubicacion-de-ovidio-guzman","status":"publish","type":"post","link":"https:\/\/noticierotamaulipeco.info\/?p=3251","title":{"rendered":"La FGR desconoce ubicaci\u00f3n de Ovidio Guzm\u00e1n"},"content":{"rendered":"\n<p><a href=\"https:\/\/laverdad.com.mx\/wp-content\/uploads\/2024\/08\/ovidio-guzman-lopez-1.jpg\"><\/a><\/p>\n\n\n\n<p>La Fiscal\u00eda General de la Rep\u00fablica (FGR) de M\u00e9xico comunic\u00f3 el 29 de agosto que a\u00fan desconoce la ubicaci\u00f3n y estatus de Ovidio Guzm\u00e1n L\u00f3pez, alias El Rat\u00f3n, en Estados Unidos. Este anuncio surge despu\u00e9s del arresto de Ismael El Mayo Zambada, uno de los l\u00edderes hist\u00f3ricos del C\u00e1rtel de Sinaloa, en un aeropuerto de Nuevo M\u00e9xico.<\/p>\n\n\n\n<p>Ovidio Guzm\u00e1n, capturado en Culiac\u00e1n el 5 de enero de 2023 y extraditado a EE.UU. el 15 de septiembre del mismo a\u00f1o, estaba recluido en el Centro Correccional Metropolitano de Chicago bajo el n\u00famero 72884-748. Sin embargo, tras el arresto de Zambada Garc\u00eda a finales de julio, se report\u00f3 que El Rat\u00f3n hab\u00eda salido de los registros del Bur\u00f3 Federal de Prisiones (BOP) dos d\u00edas antes del secuestro de Zambada.<\/p>\n\n\n\n<p>El caso dio un giro significativo cuando se revel\u00f3 que, tras el arresto de Zambada, Ovidio ya no aparec\u00eda en los registros del BOP. Las autoridades estadounidenses no proporcionaron detalles sobre su paradero, generando especulaciones sobre su traslado al Paso, Texas, o posibles tr\u00e1mites administrativos.<\/p>\n\n\n\n<p>La FGR ha se\u00f1alado que ha recibido informaci\u00f3n sobre la secuencia de eventos que incluye la excarcelaci\u00f3n de Ovidio Guzm\u00e1n dos d\u00edas antes del secuestro de Zambada, pero no ha logrado determinar su ubicaci\u00f3n actual ni su estatus dentro de EE.UU.<\/p>\n","protected":false},"excerpt":{"rendered":"<p>La Fiscal\u00eda General de la Rep\u00fablica (FGR) de M\u00e9xico comunic\u00f3 el 29 de agosto que&#8230;<\/p>\n","protected":false},"author":1,"featured_media":3252,"comment_status":"open","ping_status":"open","sticky":false,"template":"","format":"standard","meta":{"footnotes":""},"categories":[5],"tags":[],"class_list":["post-3251","post","type-post","status-publish","format-standard","has-post-thumbnail","hentry","category-internacional"],"_links":{"self":[{"href":"https:\/\/noticierotamaulipeco.info\/index.php?rest_route=\/wp\/v2\/posts\/3251","targetHints":{"allow":["GET"]}}],"collection":[{"href":"https:\/\/noticierotamaulipeco.info\/index.php?rest_route=\/wp\/v2\/posts"}],"about":[{"href":"https:\/\/noticierotamaulipeco.info\/index.php?rest_route=\/wp\/v2\/types\/post"}],"author":[{"embeddable":true,"href":"https:\/\/noticierotamaulipeco.info\/index.php?rest_route=\/wp\/v2\/users\/1"}],"replies":[{"embeddable":true,"href":"https:\/\/noticierotamaulipeco.info\/index.php?rest_route=%2Fwp%2Fv2%2Fcomments&post=3251"}],"version-history":[{"count":1,"href":"https:\/\/noticierotamaulipeco.info\/index.php?rest_route=\/wp\/v2\/posts\/3251\/revisions"}],"predecessor-version":[{"id":3253,"href":"https:\/\/noticierotamaulipeco.info\/index.php?rest_route=\/wp\/v2\/posts\/3251\/revisions\/3253"}],"wp:featuredmedia":[{"embeddable":true,"href":"https:\/\/noticierotamaulipeco.info\/index.php?rest_route=\/wp\/v2\/media\/3252"}],"wp:attachment":[{"href":"https:\/\/noticierotamaulipeco.info\/index.php?rest_route=%2Fwp%2Fv2%2Fmedia&parent=3251"}],"wp:term":[{"taxonomy":"category","embeddable":true,"href":"https:\/\/noticierotamaulipeco.info\/index.php?rest_route=%2Fwp%2Fv2%2Fcategories&post=3251"},{"taxonomy":"post_tag","embeddable":true,"href":"https:\/\/noticierotamaulipeco.info\/index.php?rest_route=%2Fwp%2Fv2%2Ftags&post=3251"}],"curies":[{"name":"wp","href":"https:\/\/api.w.org\/{rel}","templated":true}]}}