{"id":3278,"date":"2024-09-03T13:58:21","date_gmt":"2024-09-03T13:58:21","guid":{"rendered":"https:\/\/noticierotamaulipeco.info\/?p=3278"},"modified":"2024-09-04T13:59:08","modified_gmt":"2024-09-04T13:59:08","slug":"inicia-capacitacion-a-las-y-los-presidentes-electos-en-tamaulipas","status":"publish","type":"post","link":"https:\/\/noticierotamaulipeco.info\/?p=3278","title":{"rendered":"Inicia capacitaci\u00f3n a las y los presidentes electos en Tamaulipas"},"content":{"rendered":"\n<p>CGT-020-2024<\/p>\n\n\n\n<p>Septiembre 03 de 2024<\/p>\n\n\n\n<p>Ciudad Victoria, Tamaulipas.- La contralora gubernamental, Norma Ang\u00e9lica Pedraza Melo, inaugur\u00f3 la \u00abJornada de Capacitaci\u00f3n en la Rendici\u00f3n de Cuentas para las Administraciones Municipales de Tamaulipas\u201d.<\/p>\n\n\n\n<p>El evento se realiza en coordinaci\u00f3n con la Auditor\u00eda Superior del Estado y tiene el objetivo de brindar a las y los alcaldes electos las bases para realizar una mejor gesti\u00f3n en los gobiernos municipales.<\/p>\n\n\n\n<p>En su mensaje, Norma Ang\u00e9lica Pedraza Melo se dirigi\u00f3 a ellos diciendo que la Contralor\u00eda Gubernamental est\u00e1 a su disposici\u00f3n para proporcionar el acompa\u00f1amiento y la asesor\u00eda que soliciten.<\/p>\n\n\n\n<p>\u00abQuienes tenemos el privilegio de servir al pueblo desde la administraci\u00f3n p\u00fablica, se nos exige desempe\u00f1ar nuestras funciones con un alto sentido de responsabilidad, eficiencia, econom\u00eda, humanismo, \u00e9tica e integridad en la gesti\u00f3n p\u00fablica para consolidar la transformaci\u00f3n de M\u00e9xico y de nuestro estado bajo el liderazgo de nuestra presidenta electa, doctora Claudia Sheinbaum Pardo, y del gobernador Am\u00e9rico Villarreal Anaya\u201d, expres\u00f3.<\/p>\n\n\n\n<p>Por tanto, dijo, es esencial establecer y fortalecer el desarrollo de competencias del capital humano en \u00e1reas estrat\u00e9gicas como la planeaci\u00f3n, programaci\u00f3n y presupuestaci\u00f3n, responsabilidades administrativas, evoluci\u00f3n patrimonial, \u00e9tica, conflicto de inter\u00e9s y actuaci\u00f3n de conflicto de inter\u00e9s, entre otras.<\/p>\n\n\n\n<p>Por \u00faltimo, se\u00f1al\u00f3 que estos dos d\u00edas de trabajo ser\u00e1n de utilidad a las y los presidentes electos para garantizar la continuidad de la administraci\u00f3n p\u00fablica y de los servicios municipales, mientras realizan una revisi\u00f3n objetiva y responsable.<\/p>\n","protected":false},"excerpt":{"rendered":"<p>CGT-020-2024 Septiembre 03 de 2024 Ciudad Victoria, Tamaulipas.- La contralora gubernamental, Norma Ang\u00e9lica Pedraza Melo,&#8230;<\/p>\n","protected":false},"author":1,"featured_media":3279,"comment_status":"open","ping_status":"open","sticky":false,"template":"","format":"standard","meta":{"footnotes":""},"categories":[2],"tags":[],"class_list":["post-3278","post","type-post","status-publish","format-standard","has-post-thumbnail","hentry","category-tamaulipas"],"_links":{"self":[{"href":"https:\/\/noticierotamaulipeco.info\/index.php?rest_route=\/wp\/v2\/posts\/3278","targetHints":{"allow":["GET"]}}],"collection":[{"href":"https:\/\/noticierotamaulipeco.info\/index.php?rest_route=\/wp\/v2\/posts"}],"about":[{"href":"https:\/\/noticierotamaulipeco.info\/index.php?rest_route=\/wp\/v2\/types\/post"}],"author":[{"embeddable":true,"href":"https:\/\/noticierotamaulipeco.info\/index.php?rest_route=\/wp\/v2\/users\/1"}],"replies":[{"embeddable":true,"href":"https:\/\/noticierotamaulipeco.info\/index.php?rest_route=%2Fwp%2Fv2%2Fcomments&post=3278"}],"version-history":[{"count":1,"href":"https:\/\/noticierotamaulipeco.info\/index.php?rest_route=\/wp\/v2\/posts\/3278\/revisions"}],"predecessor-version":[{"id":3280,"href":"https:\/\/noticierotamaulipeco.info\/index.php?rest_route=\/wp\/v2\/posts\/3278\/revisions\/3280"}],"wp:featuredmedia":[{"embeddable":true,"href":"https:\/\/noticierotamaulipeco.info\/index.php?rest_route=\/wp\/v2\/media\/3279"}],"wp:attachment":[{"href":"https:\/\/noticierotamaulipeco.info\/index.php?rest_route=%2Fwp%2Fv2%2Fmedia&parent=3278"}],"wp:term":[{"taxonomy":"category","embeddable":true,"href":"https:\/\/noticierotamaulipeco.info\/index.php?rest_route=%2Fwp%2Fv2%2Fcategories&post=3278"},{"taxonomy":"post_tag","embeddable":true,"href":"https:\/\/noticierotamaulipeco.info\/index.php?rest_route=%2Fwp%2Fv2%2Ftags&post=3278"}],"curies":[{"name":"wp","href":"https:\/\/api.w.org\/{rel}","templated":true}]}}