{"id":3305,"date":"2024-09-09T02:12:19","date_gmt":"2024-09-09T02:12:19","guid":{"rendered":"https:\/\/noticierotamaulipeco.info\/?p=3305"},"modified":"2024-09-06T02:12:43","modified_gmt":"2024-09-06T02:12:43","slug":"zelenski-impulsa-relevo-de-ministros-en-medio-de-la-guerra","status":"publish","type":"post","link":"https:\/\/noticierotamaulipeco.info\/?p=3305","title":{"rendered":"Zelenski impulsa relevo de ministros en medio de la guerra"},"content":{"rendered":"\n<p><a href=\"https:\/\/laverdad.com.mx\/wp-content\/uploads\/2024\/09\/Volodimir-Zelenski.jpg\"><\/a><\/p>\n\n\n\n<p>En medio del conflicto b\u00e9lico, Ucrania ha iniciado una significativa reestructuraci\u00f3n de su gobierno con la renuncia de al menos cuatro ministros en los \u00faltimos dos d\u00edas. El jefe del grupo parlamentario mayoritario, David Arajam\u00eda, anunci\u00f3 que m\u00e1s de la mitad de los miembros del gabinete ser\u00e1n reemplazados en las pr\u00f3ximas horas, marcando el cambio m\u00e1s importante desde el inicio de la guerra.<\/p>\n\n\n\n<p>Entre los ministros que han presentado su dimisi\u00f3n se encuentran los titulares de Exteriores, Justicia, Industrias Estrat\u00e9gicas y Medio Ambiente. El presidente Volod\u00edmir Zelenski y el primer ministro Den\u00eds Shmigal han se\u00f1alado que estas modificaciones buscan reducir gastos y mejorar la eficiencia del gobierno en tiempos de guerra.<\/p>\n","protected":false},"excerpt":{"rendered":"<p>En medio del conflicto b\u00e9lico, Ucrania ha iniciado una significativa reestructuraci\u00f3n de su gobierno con&#8230;<\/p>\n","protected":false},"author":1,"featured_media":3306,"comment_status":"open","ping_status":"open","sticky":false,"template":"","format":"standard","meta":{"footnotes":""},"categories":[5],"tags":[],"class_list":["post-3305","post","type-post","status-publish","format-standard","has-post-thumbnail","hentry","category-internacional"],"_links":{"self":[{"href":"https:\/\/noticierotamaulipeco.info\/index.php?rest_route=\/wp\/v2\/posts\/3305","targetHints":{"allow":["GET"]}}],"collection":[{"href":"https:\/\/noticierotamaulipeco.info\/index.php?rest_route=\/wp\/v2\/posts"}],"about":[{"href":"https:\/\/noticierotamaulipeco.info\/index.php?rest_route=\/wp\/v2\/types\/post"}],"author":[{"embeddable":true,"href":"https:\/\/noticierotamaulipeco.info\/index.php?rest_route=\/wp\/v2\/users\/1"}],"replies":[{"embeddable":true,"href":"https:\/\/noticierotamaulipeco.info\/index.php?rest_route=%2Fwp%2Fv2%2Fcomments&post=3305"}],"version-history":[{"count":1,"href":"https:\/\/noticierotamaulipeco.info\/index.php?rest_route=\/wp\/v2\/posts\/3305\/revisions"}],"predecessor-version":[{"id":3307,"href":"https:\/\/noticierotamaulipeco.info\/index.php?rest_route=\/wp\/v2\/posts\/3305\/revisions\/3307"}],"wp:featuredmedia":[{"embeddable":true,"href":"https:\/\/noticierotamaulipeco.info\/index.php?rest_route=\/wp\/v2\/media\/3306"}],"wp:attachment":[{"href":"https:\/\/noticierotamaulipeco.info\/index.php?rest_route=%2Fwp%2Fv2%2Fmedia&parent=3305"}],"wp:term":[{"taxonomy":"category","embeddable":true,"href":"https:\/\/noticierotamaulipeco.info\/index.php?rest_route=%2Fwp%2Fv2%2Fcategories&post=3305"},{"taxonomy":"post_tag","embeddable":true,"href":"https:\/\/noticierotamaulipeco.info\/index.php?rest_route=%2Fwp%2Fv2%2Ftags&post=3305"}],"curies":[{"name":"wp","href":"https:\/\/api.w.org\/{rel}","templated":true}]}}