{"id":3326,"date":"2024-09-07T20:29:17","date_gmt":"2024-09-07T20:29:17","guid":{"rendered":"https:\/\/noticierotamaulipeco.info\/?p=3326"},"modified":"2024-09-08T20:29:57","modified_gmt":"2024-09-08T20:29:57","slug":"tampico-es-sede-del-xxvii-festival-de-la-huasteca","status":"publish","type":"post","link":"https:\/\/noticierotamaulipeco.info\/?p=3326","title":{"rendered":"\u00a1Tampico es sede del XXVII Festival de la Huasteca!"},"content":{"rendered":"\n<p>Del 19 al 21 de septiembre, la Plaza Hijas de <a href=\"https:\/\/www.facebook.com\/hashtag\/tampico?__eep__=6&amp;__cft__[0]=AZVw9ThBV3jc-0po-PdTS40Wl5zJ3sK-lXoFgDe1vf8w8hlP5sRP4e3xduHMAwMyZHi6YNSWmf0-dPmYJr8mlRtJn-lkiPGnPHm1miWHOTAOtm9yqZRetPMtRg5SLmRWM-if2hNaGbSKd3z9OA7DRnN7T32E06MdoEIerR7IReGmTXsSHygQr39nH-dD-HM7ISgPTuVUxYeouhJWosFaQq794kqi0IxdNCRo-7yZfqb083uIPABF_SbaE3mWYMvMrH4&amp;__tn__=*NK-y-R\">#Tampico<\/a> se transformar\u00e1 en un espacio vibrante donde <a><\/a>m\u00fasica, danza, artesan\u00eda y gastronom\u00eda convergen con el objetivo de preservar y compartir la riqueza cultural de esta regi\u00f3n.<\/p>\n\n\n\n<p> \u00a1Una experiencia \u00fanica y gratuita para disfrutar en familia y conectarse con nuestras ra\u00edces!<\/p>\n\n\n\n<p>Consulta la programaci\u00f3n completa aqu\u00ed <img loading=\"lazy\" decoding=\"async\" height=\"16\" width=\"16\" alt=\"\ud83d\udc47\ud83c\udffd\" src=\"https:\/\/static.xx.fbcdn.net\/images\/emoji.php\/v9\/t8c\/1\/16\/1f447_1f3fd.png\"><\/p>\n\n\n\n<p><a href=\"https:\/\/tinyurl.com\/XXVIIFestivalHuasteca\">https:\/\/tinyurl.com\/XXVIIFestivalHuasteca<\/a><\/p>\n","protected":false},"excerpt":{"rendered":"<p>Del 19 al 21 de septiembre, la Plaza Hijas de #Tampico se transformar\u00e1 en un&#8230;<\/p>\n","protected":false},"author":1,"featured_media":3327,"comment_status":"open","ping_status":"open","sticky":false,"template":"","format":"standard","meta":{"footnotes":""},"categories":[2],"tags":[],"class_list":["post-3326","post","type-post","status-publish","format-standard","has-post-thumbnail","hentry","category-tamaulipas"],"_links":{"self":[{"href":"https:\/\/noticierotamaulipeco.info\/index.php?rest_route=\/wp\/v2\/posts\/3326","targetHints":{"allow":["GET"]}}],"collection":[{"href":"https:\/\/noticierotamaulipeco.info\/index.php?rest_route=\/wp\/v2\/posts"}],"about":[{"href":"https:\/\/noticierotamaulipeco.info\/index.php?rest_route=\/wp\/v2\/types\/post"}],"author":[{"embeddable":true,"href":"https:\/\/noticierotamaulipeco.info\/index.php?rest_route=\/wp\/v2\/users\/1"}],"replies":[{"embeddable":true,"href":"https:\/\/noticierotamaulipeco.info\/index.php?rest_route=%2Fwp%2Fv2%2Fcomments&post=3326"}],"version-history":[{"count":1,"href":"https:\/\/noticierotamaulipeco.info\/index.php?rest_route=\/wp\/v2\/posts\/3326\/revisions"}],"predecessor-version":[{"id":3328,"href":"https:\/\/noticierotamaulipeco.info\/index.php?rest_route=\/wp\/v2\/posts\/3326\/revisions\/3328"}],"wp:featuredmedia":[{"embeddable":true,"href":"https:\/\/noticierotamaulipeco.info\/index.php?rest_route=\/wp\/v2\/media\/3327"}],"wp:attachment":[{"href":"https:\/\/noticierotamaulipeco.info\/index.php?rest_route=%2Fwp%2Fv2%2Fmedia&parent=3326"}],"wp:term":[{"taxonomy":"category","embeddable":true,"href":"https:\/\/noticierotamaulipeco.info\/index.php?rest_route=%2Fwp%2Fv2%2Fcategories&post=3326"},{"taxonomy":"post_tag","embeddable":true,"href":"https:\/\/noticierotamaulipeco.info\/index.php?rest_route=%2Fwp%2Fv2%2Ftags&post=3326"}],"curies":[{"name":"wp","href":"https:\/\/api.w.org\/{rel}","templated":true}]}}