{"id":3350,"date":"2024-09-11T15:00:07","date_gmt":"2024-09-11T15:00:07","guid":{"rendered":"https:\/\/noticierotamaulipeco.info\/?p=3350"},"modified":"2024-09-11T15:00:32","modified_gmt":"2024-09-11T15:00:32","slug":"atencion-secretaria-de-educacion-de-tamaulipas-informa-a-la-comunidad-educativa-en-tamaulipas","status":"publish","type":"post","link":"https:\/\/noticierotamaulipeco.info\/?p=3350","title":{"rendered":"Atenci\u00f3n, Secretar\u00eda de Educaci\u00f3n Informa a la comunidad educativa en Tamaulipas."},"content":{"rendered":"\n<p><\/p>\n\n\n\n<p>Del 9 al 13 de septiembre, es la \u00faltima semana para realizar el tr\u00e1mite de las siguientes Becas, que el <a href=\"https:\/\/www.facebook.com\/GobTamaulipas?__cft__[0]=AZVMiV46uchCnLawYMrTxjqyLS0m_zR3BFtExqO2u3ODihCwTRrbSv1_aN1ktvnajfve18lTbpi6wxYWqdS6z7TiZ3i4qIcVnVrca4II6VN1_ibq3U9mulfXFxZl_6fdLhjt0hq3OgNVRWjQ3KdQcnnjEoqkFbsOCRSW3uxPWUZBq6TUXJqgWTnYtEryHpG08Rd5-sMZ5Jjg24dK6IfRXFTgwdDLyOkSgK1Msj3YHBUzsTRTJz4puJS2s78Rml8AmpE&amp;__tn__=-]K-y-R\">Gobierno del Estado de Tamaulipas<\/a> a trav\u00e9s de <a><\/a>la Secretar\u00eda de Educaci\u00f3n de Tamaulipas (SET) y el Instituto Tamaulipeco de Becas, Est\u00edmulos y Cr\u00e9ditos Educativos (ITABEC), ponen a tu disposici\u00f3n, aplicando las pol\u00edticas humanistas que fortalecen la igualdad de oportunidades para todas y todos en la entidad.<\/p>\n\n\n\n<p><img loading=\"lazy\" decoding=\"async\" height=\"16\" width=\"16\" alt=\"\ud83d\udcdd\" src=\"https:\/\/static.xx.fbcdn.net\/images\/emoji.php\/v9\/tcc\/1\/16\/1f4dd.png\"> Consulta la convocatoria, en la liga de cada Beca:<\/p>\n\n\n\n<p>\u2022BECA ESPERANZA DE TAMAULIPAS<\/p>\n\n\n\n<p><a href=\"https:\/\/www.tamaulipas.gob.mx\/...\/beca-esperanza-de...\">https:\/\/www.tamaulipas.gob.mx\/&#8230;\/beca-esperanza-de&#8230;<\/a><\/p>\n\n\n\n<p>\u2022BECA FUTURO TAMAULIPAS, J\u00d3VENES DE NIVEL SUPERIOR<\/p>\n\n\n\n<p><a href=\"https:\/\/www.tamaulipas.gob.mx\/...\/beca-futuro-tamaulipas...\">https:\/\/www.tamaulipas.gob.mx\/&#8230;\/beca-futuro-tamaulipas&#8230;<\/a><\/p>\n\n\n\n<p>\u2022BECA PARA LA INCLUSI\u00d3N SOCIAL EN TAMAULIPAS<\/p>\n\n\n\n<p><a href=\"https:\/\/www.tamaulipas.gob.mx\/...\/beca-para-la-inclusion...\">https:\/\/www.tamaulipas.gob.mx\/&#8230;\/beca-para-la-inclusion&#8230;<\/a><\/p>\n\n\n\n<p>\u2022BECA VOLUNTAD Y TRABAJO, POR LA PAZ DE TAMAULIPAS<\/p>\n\n\n\n<p><a href=\"https:\/\/www.tamaulipas.gob.mx\/...\/beca-voluntad-y...\">https:\/\/www.tamaulipas.gob.mx\/&#8230;\/beca-voluntad-y&#8230;<\/a><\/p>\n\n\n\n<p>Con voluntad, trabajo y humanismo hacemos de Tamaulipas un mejor lugar para vivir.<\/p>\n","protected":false},"excerpt":{"rendered":"<p>Del 9 al 13 de septiembre, es la \u00faltima semana para realizar el tr\u00e1mite de&#8230;<\/p>\n","protected":false},"author":1,"featured_media":3351,"comment_status":"open","ping_status":"open","sticky":false,"template":"","format":"standard","meta":{"footnotes":""},"categories":[2],"tags":[],"class_list":["post-3350","post","type-post","status-publish","format-standard","has-post-thumbnail","hentry","category-tamaulipas"],"_links":{"self":[{"href":"https:\/\/noticierotamaulipeco.info\/index.php?rest_route=\/wp\/v2\/posts\/3350","targetHints":{"allow":["GET"]}}],"collection":[{"href":"https:\/\/noticierotamaulipeco.info\/index.php?rest_route=\/wp\/v2\/posts"}],"about":[{"href":"https:\/\/noticierotamaulipeco.info\/index.php?rest_route=\/wp\/v2\/types\/post"}],"author":[{"embeddable":true,"href":"https:\/\/noticierotamaulipeco.info\/index.php?rest_route=\/wp\/v2\/users\/1"}],"replies":[{"embeddable":true,"href":"https:\/\/noticierotamaulipeco.info\/index.php?rest_route=%2Fwp%2Fv2%2Fcomments&post=3350"}],"version-history":[{"count":2,"href":"https:\/\/noticierotamaulipeco.info\/index.php?rest_route=\/wp\/v2\/posts\/3350\/revisions"}],"predecessor-version":[{"id":3353,"href":"https:\/\/noticierotamaulipeco.info\/index.php?rest_route=\/wp\/v2\/posts\/3350\/revisions\/3353"}],"wp:featuredmedia":[{"embeddable":true,"href":"https:\/\/noticierotamaulipeco.info\/index.php?rest_route=\/wp\/v2\/media\/3351"}],"wp:attachment":[{"href":"https:\/\/noticierotamaulipeco.info\/index.php?rest_route=%2Fwp%2Fv2%2Fmedia&parent=3350"}],"wp:term":[{"taxonomy":"category","embeddable":true,"href":"https:\/\/noticierotamaulipeco.info\/index.php?rest_route=%2Fwp%2Fv2%2Fcategories&post=3350"},{"taxonomy":"post_tag","embeddable":true,"href":"https:\/\/noticierotamaulipeco.info\/index.php?rest_route=%2Fwp%2Fv2%2Ftags&post=3350"}],"curies":[{"name":"wp","href":"https:\/\/api.w.org\/{rel}","templated":true}]}}