{"id":3361,"date":"2024-09-14T17:26:29","date_gmt":"2024-09-14T17:26:29","guid":{"rendered":"https:\/\/noticierotamaulipeco.info\/?p=3361"},"modified":"2024-09-17T17:27:10","modified_gmt":"2024-09-17T17:27:10","slug":"le-dan-vida-al-aguila-del-bicentenario-en-su-aniversario","status":"publish","type":"post","link":"https:\/\/noticierotamaulipeco.info\/?p=3361","title":{"rendered":"Le dan vida al \u00c1guila del Bicentenario en su aniversario"},"content":{"rendered":"\n<p>SOP-035-2024<\/p>\n\n\n\n<p>Septiembre 14 de 2024<\/p>\n\n\n\n<p>Ciudad Victoria, Tamaulipas.- A 14 a\u00f1os de haberse inaugurado el \u00c1guila del Bicentenario en esta capital tamaulipeca, el gobierno de Am\u00e9rico Villarreal Anaya, a trav\u00e9s de la Secretar\u00eda de Obras P\u00fablicas (SOP), le da vida concluyendo los trabajos de conservaci\u00f3n y revestimiento.<\/p>\n\n\n\n<p>Cabe destacar que este emblem\u00e1tico monumento, creado por el artista Sebasti\u00e1n, fue terminado un 13 de septiembre de 2010, y hoy, en su aniversario, la figura que da total identidad a Tamaulipas est\u00e1 restaurada.<\/p>\n\n\n\n<p>El secretario de Obras P\u00fablicas, Pedro Cepeda Anaya, mencion\u00f3 que, de acuerdo con las indicaciones del artista pl\u00e1stico, se llevaron a cabo los trabajos de restauraci\u00f3n a detalle, logrando que el monumento luzca como nuevo.<\/p>\n\n\n\n<p>\u201cMantener en buen estado este tipo de obras da identidad al estado y fomenta el orgullo nacional; por lo tanto, conservarlas fortalece el sentido de pertenencia y cohesi\u00f3n social\u201d, concluy\u00f3 el titular de la SOP.<\/p>\n","protected":false},"excerpt":{"rendered":"<p>SOP-035-2024 Septiembre 14 de 2024 Ciudad Victoria, Tamaulipas.- A 14 a\u00f1os de haberse inaugurado el&#8230;<\/p>\n","protected":false},"author":1,"featured_media":3362,"comment_status":"open","ping_status":"open","sticky":false,"template":"","format":"standard","meta":{"footnotes":""},"categories":[2],"tags":[],"class_list":["post-3361","post","type-post","status-publish","format-standard","has-post-thumbnail","hentry","category-tamaulipas"],"_links":{"self":[{"href":"https:\/\/noticierotamaulipeco.info\/index.php?rest_route=\/wp\/v2\/posts\/3361","targetHints":{"allow":["GET"]}}],"collection":[{"href":"https:\/\/noticierotamaulipeco.info\/index.php?rest_route=\/wp\/v2\/posts"}],"about":[{"href":"https:\/\/noticierotamaulipeco.info\/index.php?rest_route=\/wp\/v2\/types\/post"}],"author":[{"embeddable":true,"href":"https:\/\/noticierotamaulipeco.info\/index.php?rest_route=\/wp\/v2\/users\/1"}],"replies":[{"embeddable":true,"href":"https:\/\/noticierotamaulipeco.info\/index.php?rest_route=%2Fwp%2Fv2%2Fcomments&post=3361"}],"version-history":[{"count":1,"href":"https:\/\/noticierotamaulipeco.info\/index.php?rest_route=\/wp\/v2\/posts\/3361\/revisions"}],"predecessor-version":[{"id":3363,"href":"https:\/\/noticierotamaulipeco.info\/index.php?rest_route=\/wp\/v2\/posts\/3361\/revisions\/3363"}],"wp:featuredmedia":[{"embeddable":true,"href":"https:\/\/noticierotamaulipeco.info\/index.php?rest_route=\/wp\/v2\/media\/3362"}],"wp:attachment":[{"href":"https:\/\/noticierotamaulipeco.info\/index.php?rest_route=%2Fwp%2Fv2%2Fmedia&parent=3361"}],"wp:term":[{"taxonomy":"category","embeddable":true,"href":"https:\/\/noticierotamaulipeco.info\/index.php?rest_route=%2Fwp%2Fv2%2Fcategories&post=3361"},{"taxonomy":"post_tag","embeddable":true,"href":"https:\/\/noticierotamaulipeco.info\/index.php?rest_route=%2Fwp%2Fv2%2Ftags&post=3361"}],"curies":[{"name":"wp","href":"https:\/\/api.w.org\/{rel}","templated":true}]}}