{"id":3469,"date":"2024-10-01T14:39:28","date_gmt":"2024-10-01T14:39:28","guid":{"rendered":"https:\/\/noticierotamaulipeco.info\/?p=3469"},"modified":"2024-10-03T15:22:08","modified_gmt":"2024-10-03T15:22:08","slug":"acude-el-gobernador-a-v-a-a-la-toma-de-posesion-de-claudia-sheinbaum-pardo","status":"publish","type":"post","link":"https:\/\/noticierotamaulipeco.info\/?p=3469","title":{"rendered":"Acude el Gobernador A.V.A  a la toma de posesi\u00f3n de Claudia Sheinbaum Pardo"},"content":{"rendered":"\n<p>En un hecho hist\u00f3rico para M\u00e9xico, el gobernador <a href=\"https:\/\/www.facebook.com\/dr.americovillarreal?__cft__[0]=AZV4owHXI4aNTvaatwkCTA7lQKJFI6KA1JwswStedktlBt5mMfQOqmx-LZJHkjpTCpLFLuDMBLKM5Uy0yVy03m0PXHCrwueBqTAtenEB_vJSwDwSOQygsfh3Aext9VmQXnqiZLmzgf2VzYXFCJriFGOJxBR55czwUzSwPxVlfyJaOWp1MNds4YyyNYGFtVTZHEk&amp;__tn__=-]K-R\">Am\u00e9rico Villarreal<\/a>, asisti\u00f3 a la toma de protesta de la presidenta constitucional de los Estados Unidos Mexicanos, <a href=\"https:\/\/www.facebook.com\/ClaudiaSheinbaumPardo?__cft__[0]=AZV4owHXI4aNTvaatwkCTA7lQKJFI6KA1JwswStedktlBt5mMfQOqmx-LZJHkjpTCpLFLuDMBLKM5Uy0yVy03m0PXHCrwueBqTAtenEB_vJSwDwSOQygsfh3Aext9VmQXnqiZLmzgf2VzYXFCJriFGOJxBR55czwUzSwPxVlfyJaOWp1MNds4YyyNYGFtVTZHEk&amp;__tn__=-]K-R\">Claudia Sheinbaum Pardo<\/a>, en donde asegur\u00f3 que en &#8220;Tamaulipas nos unimos a su visi\u00f3n para seguir construyendo un M\u00e9xico m\u00e1s justo, equitativo y pr\u00f3spero para todas y todos&#8221;.<\/p>\n\n\n\n<p>&#8220;Este hecho hist\u00f3rico llena de esperanza a nuestras ni\u00f1as, mujeres, abuelas, madres, profesionistas y a toda nuestra naci\u00f3n&#8221;, agreg\u00f3.<\/p>\n\n\n\n<p>Durante su <a><\/a>mensaje en el Z\u00f3calo de la Ciudad de M\u00e9xico, en la presentaci\u00f3n de las 100 acciones de su Plan de Gobierno, esta tarde, Claudia Sheinbaum mencion\u00f3 que en Tamaulipas se impulsar\u00e1n proyectos estrat\u00e9gicos como el desarrollo de los puertos de Altamira y el Puerto del Norte en Matamoros, la infraestructura hidr\u00e1ulica y la tecnificaci\u00f3n de los Distritos de Riego.<\/p>\n","protected":false},"excerpt":{"rendered":"<p>En un hecho hist\u00f3rico para M\u00e9xico, el gobernador Am\u00e9rico Villarreal, asisti\u00f3 a la toma de&#8230;<\/p>\n","protected":false},"author":1,"featured_media":3470,"comment_status":"open","ping_status":"open","sticky":false,"template":"","format":"standard","meta":{"footnotes":""},"categories":[3],"tags":[],"class_list":["post-3469","post","type-post","status-publish","format-standard","has-post-thumbnail","hentry","category-mexico"],"_links":{"self":[{"href":"https:\/\/noticierotamaulipeco.info\/index.php?rest_route=\/wp\/v2\/posts\/3469","targetHints":{"allow":["GET"]}}],"collection":[{"href":"https:\/\/noticierotamaulipeco.info\/index.php?rest_route=\/wp\/v2\/posts"}],"about":[{"href":"https:\/\/noticierotamaulipeco.info\/index.php?rest_route=\/wp\/v2\/types\/post"}],"author":[{"embeddable":true,"href":"https:\/\/noticierotamaulipeco.info\/index.php?rest_route=\/wp\/v2\/users\/1"}],"replies":[{"embeddable":true,"href":"https:\/\/noticierotamaulipeco.info\/index.php?rest_route=%2Fwp%2Fv2%2Fcomments&post=3469"}],"version-history":[{"count":1,"href":"https:\/\/noticierotamaulipeco.info\/index.php?rest_route=\/wp\/v2\/posts\/3469\/revisions"}],"predecessor-version":[{"id":3471,"href":"https:\/\/noticierotamaulipeco.info\/index.php?rest_route=\/wp\/v2\/posts\/3469\/revisions\/3471"}],"wp:featuredmedia":[{"embeddable":true,"href":"https:\/\/noticierotamaulipeco.info\/index.php?rest_route=\/wp\/v2\/media\/3470"}],"wp:attachment":[{"href":"https:\/\/noticierotamaulipeco.info\/index.php?rest_route=%2Fwp%2Fv2%2Fmedia&parent=3469"}],"wp:term":[{"taxonomy":"category","embeddable":true,"href":"https:\/\/noticierotamaulipeco.info\/index.php?rest_route=%2Fwp%2Fv2%2Fcategories&post=3469"},{"taxonomy":"post_tag","embeddable":true,"href":"https:\/\/noticierotamaulipeco.info\/index.php?rest_route=%2Fwp%2Fv2%2Ftags&post=3469"}],"curies":[{"name":"wp","href":"https:\/\/api.w.org\/{rel}","templated":true}]}}