{"id":3533,"date":"2024-09-29T17:43:16","date_gmt":"2024-09-29T17:43:16","guid":{"rendered":"https:\/\/noticierotamaulipeco.info\/?p=3533"},"modified":"2024-10-04T17:43:41","modified_gmt":"2024-10-04T17:43:41","slug":"sesiona-comite-de-control-y-desempeno-institucional-de-la-secretaria-del-trabajo-de-tamaulipas","status":"publish","type":"post","link":"https:\/\/noticierotamaulipeco.info\/?p=3533","title":{"rendered":"Sesiona Comit\u00e9 de Control y Desempe\u00f1o Institucional de la Secretar\u00eda del Trabajo de Tamaulipas"},"content":{"rendered":"\n<p>-Secretario Gerardo Illoldi refrenda el compromiso de esta dependencia para cumplir a las y los tamaulipecos<\/p>\n\n\n\n<p>STR-046-2024<\/p>\n\n\n\n<p>Septiembre 29 de 2024<\/p>\n\n\n\n<p>Ciudad Victoria, Tamaulipas. \u2013 La Secretar\u00eda del Trabajo y Previsi\u00f3n Social de Tamaulipas llev\u00f3 a cabo la sesi\u00f3n ordinaria del Comit\u00e9 de Control y Desempe\u00f1o Institucional, con el prop\u00f3sito de vigilar el cumplimiento de las metas y objetivos trazados para la obtenci\u00f3n de resultados, enfocados a un mejor servicio a la ciudadan\u00eda en el estado.<\/p>\n\n\n\n<p>Esta sesi\u00f3n ordinaria fue presidida por el secretario del Trabajo Gerardo Illoldi, quien expres\u00f3: \u00abNos da mucho gusto que se celebren estos comit\u00e9s en la b\u00fasqueda del cumplimiento oportuno de las tareas, por lo cual les agradezco mucho la dedicaci\u00f3n y el empe\u00f1o que ponen para responder a la ciudadan\u00eda de Tamaulipas\u00bb.<\/p>\n\n\n\n<p>El titular de la Secretar\u00eda del Trabajo, Gerardo Illoldi, rindi\u00f3 protesta como presidente de este comit\u00e9, mientras que Pablo Emiliano Escalante V\u00e1zquez, director administrativo, rindi\u00f3 protesta como vocal.<\/p>\n\n\n\n<p>El Comit\u00e9 de Control y Desempe\u00f1o Institucional de la Secretar\u00eda del Trabajo y Previsi\u00f3n Social cumple con la labor de vigilar y transparentar la labor de las dependencias estatales, con el objetivo de brindar a las y los tamaulipecos una atenci\u00f3n con vocaci\u00f3n de servicio, pero sobre todo de car\u00e1cter humanista, dando cumplimiento a las instrucciones del gobernador Am\u00e9rico Villarreal Anaya.<\/p>\n\n\n\n<p>A esta sesi\u00f3n del COCODI asistieron Luis Gerardo Illoldi Reyes, secretario del Trabajo y Previsi\u00f3n Social en su calidad de presidente; Cecilia Guadalupe Camarillo Garc\u00eda, vocal ejecutiva del COCODI; Herleny Lizet Tamez Mata, vocal; Carolina Iveth Mart\u00ednez Molano, vocal; Selene L\u00f3pez S\u00e1nchez, vocal; Daniel Quirino Flores Campos, vocal; Pablo Emiliano Escalante V\u00e1zquez, director administrativo de la Secretar\u00eda del Trabajo y Previsi\u00f3n Social, vocal; y como invitados, Juan Antonio Ram\u00edrez Torres, Francisco Vela Reyna y Jorge Artemio Puga Rocha, asesor de la Secretar\u00eda del Trabajo y Previsi\u00f3n Social en calidad de invitado.<\/p>\n","protected":false},"excerpt":{"rendered":"<p>-Secretario Gerardo Illoldi refrenda el compromiso de esta dependencia para cumplir a las y los&#8230;<\/p>\n","protected":false},"author":1,"featured_media":3534,"comment_status":"open","ping_status":"open","sticky":false,"template":"","format":"standard","meta":{"footnotes":""},"categories":[2],"tags":[],"class_list":["post-3533","post","type-post","status-publish","format-standard","has-post-thumbnail","hentry","category-tamaulipas"],"_links":{"self":[{"href":"https:\/\/noticierotamaulipeco.info\/index.php?rest_route=\/wp\/v2\/posts\/3533","targetHints":{"allow":["GET"]}}],"collection":[{"href":"https:\/\/noticierotamaulipeco.info\/index.php?rest_route=\/wp\/v2\/posts"}],"about":[{"href":"https:\/\/noticierotamaulipeco.info\/index.php?rest_route=\/wp\/v2\/types\/post"}],"author":[{"embeddable":true,"href":"https:\/\/noticierotamaulipeco.info\/index.php?rest_route=\/wp\/v2\/users\/1"}],"replies":[{"embeddable":true,"href":"https:\/\/noticierotamaulipeco.info\/index.php?rest_route=%2Fwp%2Fv2%2Fcomments&post=3533"}],"version-history":[{"count":1,"href":"https:\/\/noticierotamaulipeco.info\/index.php?rest_route=\/wp\/v2\/posts\/3533\/revisions"}],"predecessor-version":[{"id":3535,"href":"https:\/\/noticierotamaulipeco.info\/index.php?rest_route=\/wp\/v2\/posts\/3533\/revisions\/3535"}],"wp:featuredmedia":[{"embeddable":true,"href":"https:\/\/noticierotamaulipeco.info\/index.php?rest_route=\/wp\/v2\/media\/3534"}],"wp:attachment":[{"href":"https:\/\/noticierotamaulipeco.info\/index.php?rest_route=%2Fwp%2Fv2%2Fmedia&parent=3533"}],"wp:term":[{"taxonomy":"category","embeddable":true,"href":"https:\/\/noticierotamaulipeco.info\/index.php?rest_route=%2Fwp%2Fv2%2Fcategories&post=3533"},{"taxonomy":"post_tag","embeddable":true,"href":"https:\/\/noticierotamaulipeco.info\/index.php?rest_route=%2Fwp%2Fv2%2Ftags&post=3533"}],"curies":[{"name":"wp","href":"https:\/\/api.w.org\/{rel}","templated":true}]}}