{"id":3536,"date":"2024-09-28T17:44:27","date_gmt":"2024-09-28T17:44:27","guid":{"rendered":"https:\/\/noticierotamaulipeco.info\/?p=3536"},"modified":"2024-10-04T17:44:52","modified_gmt":"2024-10-04T17:44:52","slug":"concluye-guardia-estatal-diplomado-de-analisis-estrategico-para-el-control-de-narcomenudeo-y-sus-manifestaciones-asociadas","status":"publish","type":"post","link":"https:\/\/noticierotamaulipeco.info\/?p=3536","title":{"rendered":"Concluye Guardia Estatal Diplomado de An\u00e1lisis Estrat\u00e9gico para el Control de Narcomenudeo y sus Manifestaciones Asociadas"},"content":{"rendered":"\n<p>SSP-177-2024<\/p>\n\n\n\n<p>Septiembre 28 de 2024<\/p>\n\n\n\n<p>Ciudad Victoria, Tamaulipas. \u2013 La Secretar\u00eda de Seguridad P\u00fablica de Tamaulipas (SSPT) recibi\u00f3 a 29 elementos de la Guardia Estatal egresados del Diplomado de An\u00e1lisis Estrat\u00e9gico para el Control de Narcomenudeo y sus Manifestaciones Asociadas impartido por instructores de la Polic\u00eda Nacional de Colombia.<\/p>\n\n\n\n<p>\u201cAgradezco a los instructores de la Polic\u00eda Nacional de Colombia que compartieron sus amplios conocimientos con el tema de control de narcomenudeo y manifestaciones asociadas, lo que contribuye en la formaci\u00f3n profesional de los integrantes de esta Guardia Estatal que participaron en este curso\u201d, extern\u00f3 el director de Operaciones de la Guardia Estatal, Jos\u00e9 Facundo Pacheco Chabl\u00e9.<\/p>\n\n\n\n<p>A nombre del gobernador, Am\u00e9rico Villarreal Anaya y del secretario de Seguridad P\u00fablica de Tamaulipas, Sergio Hernando Ch\u00e1vez Garc\u00eda, destac\u00f3 la importancia de mantener esta cooperaci\u00f3n internacional, misma que contribuye a mejorar el desempe\u00f1o de las funciones y a la creaci\u00f3n de estrategias para mejorar la eficiencia de la labor policial en beneficio de las y los tamaulipecos.<\/p>\n\n\n\n<p>Con una ceremonia de honores celebrada en la explanada del Complejo Estatal de Seguridad P\u00fablica, se entregaron constancias al personal egresado y a los instructores de la Direcci\u00f3n de Antinarc\u00f3ticos de la Polic\u00eda Nacional de Colombia: Mayor, Jos\u00e9 Luis Saboya Fonseca; subintendente, Juan Carlos Campo Ortiz y el subintendente, Yeison Arley Garc\u00eda Casta\u00f1eda.<\/p>\n","protected":false},"excerpt":{"rendered":"<p>SSP-177-2024 Septiembre 28 de 2024 Ciudad Victoria, Tamaulipas. \u2013 La Secretar\u00eda de Seguridad P\u00fablica de&#8230;<\/p>\n","protected":false},"author":1,"featured_media":3537,"comment_status":"open","ping_status":"open","sticky":false,"template":"","format":"standard","meta":{"footnotes":""},"categories":[2],"tags":[],"class_list":["post-3536","post","type-post","status-publish","format-standard","has-post-thumbnail","hentry","category-tamaulipas"],"_links":{"self":[{"href":"https:\/\/noticierotamaulipeco.info\/index.php?rest_route=\/wp\/v2\/posts\/3536","targetHints":{"allow":["GET"]}}],"collection":[{"href":"https:\/\/noticierotamaulipeco.info\/index.php?rest_route=\/wp\/v2\/posts"}],"about":[{"href":"https:\/\/noticierotamaulipeco.info\/index.php?rest_route=\/wp\/v2\/types\/post"}],"author":[{"embeddable":true,"href":"https:\/\/noticierotamaulipeco.info\/index.php?rest_route=\/wp\/v2\/users\/1"}],"replies":[{"embeddable":true,"href":"https:\/\/noticierotamaulipeco.info\/index.php?rest_route=%2Fwp%2Fv2%2Fcomments&post=3536"}],"version-history":[{"count":1,"href":"https:\/\/noticierotamaulipeco.info\/index.php?rest_route=\/wp\/v2\/posts\/3536\/revisions"}],"predecessor-version":[{"id":3538,"href":"https:\/\/noticierotamaulipeco.info\/index.php?rest_route=\/wp\/v2\/posts\/3536\/revisions\/3538"}],"wp:featuredmedia":[{"embeddable":true,"href":"https:\/\/noticierotamaulipeco.info\/index.php?rest_route=\/wp\/v2\/media\/3537"}],"wp:attachment":[{"href":"https:\/\/noticierotamaulipeco.info\/index.php?rest_route=%2Fwp%2Fv2%2Fmedia&parent=3536"}],"wp:term":[{"taxonomy":"category","embeddable":true,"href":"https:\/\/noticierotamaulipeco.info\/index.php?rest_route=%2Fwp%2Fv2%2Fcategories&post=3536"},{"taxonomy":"post_tag","embeddable":true,"href":"https:\/\/noticierotamaulipeco.info\/index.php?rest_route=%2Fwp%2Fv2%2Ftags&post=3536"}],"curies":[{"name":"wp","href":"https:\/\/api.w.org\/{rel}","templated":true}]}}