{"id":3539,"date":"2024-09-27T17:45:23","date_gmt":"2024-09-27T17:45:23","guid":{"rendered":"https:\/\/noticierotamaulipeco.info\/?p=3539"},"modified":"2024-10-04T17:45:44","modified_gmt":"2024-10-04T17:45:44","slug":"acuerdan-plan-conjunto-para-mejorar-la-disponibilidad-de-agua-en-el-norte-de-tamaulipas","status":"publish","type":"post","link":"https:\/\/noticierotamaulipeco.info\/?p=3539","title":{"rendered":"Acuerdan plan conjunto para mejorar la disponibilidad de agua en el norte de Tamaulipas"},"content":{"rendered":"\n<p>En reuni\u00f3n de trabajo, qued\u00f3 de manifiesto el inter\u00e9s del gobernador Am\u00e9rico Villarreal en un tema prioritario como es el cuidado del vital l\u00edquido<\/p>\n\n\n\n<p>SRH-020-2024<\/p>\n\n\n\n<p>Septiembre 27 de 2024<\/p>\n\n\n\n<p>Reynosa, Tamaulipas.- Debido a la situaci\u00f3n que enfrenta la cuenca del r\u00edo Bravo, que es la segunda m\u00e1s comprometida del pa\u00eds por la falta de disponibilidad de agua, el Gobierno de Tamaulipas, legisladores, la Comisi\u00f3n Nacional del Agua y organizaciones sociales acordaron un plan conjunto para implementar acciones concretas a fin de revertir la situaci\u00f3n.<\/p>\n\n\n\n<p>Durante el Foro \u00abSituaci\u00f3n Actual de las Aguas del R\u00edo Bravo\u00bb, efectuado este viernes en el Centro de Convenciones Expo Reynosa, se realiz\u00f3 un enlace virtual con el gobernador Am\u00e9rico Villarreal Anaya, quien desde la Mesa de Seguridad en el C-3 de Ciudad Victoria asegur\u00f3 que est\u00e1 atento a la problem\u00e1tica de la cuenca del r\u00edo Bravo y reiter\u00f3 todo su apoyo para dar seguimiento puntual a los acuerdos logrados en el evento.<\/p>\n\n\n\n<p>En este foro se acordaron siete puntos para que, de manera conjunta y en unidad, se enfrente este tema que es de \u00abvital importancia\u00bb, como lo se\u00f1al\u00f3 Ra\u00fal Quiroga \u00c1lvarez, secretario de Recursos Hidr\u00e1ulicos para el Desarrollo Social del estado.<\/p>\n\n\n\n<p>Tras la participaci\u00f3n de funcionarios de la Comisi\u00f3n Internacional de L\u00edmites y Aguas (CILA), legisladores, dirigentes del Consejo de la Cuenca R\u00edo Bravo y expertos en temas hidr\u00e1ulicos, se acord\u00f3 solicitar una actualizaci\u00f3n de los vol\u00famenes agregados y concesionados por parte de la CONAGUA, para que exista concordancia con el volumen extra\u00eddo.<\/p>\n\n\n\n<p>Asimismo, se plante\u00f3 pedir apoyo a los diputados federales para gestionar recursos federalizados y aumentar significativamente programas como PROAGUA y el Programa de Apoyo a la Infraestructura Hidroagr\u00edcola, adem\u00e1s de generar pol\u00edticas p\u00fablicas a favor del correcto uso del agua y el cambio de cultura en su manejo. Tambi\u00e9n se propuso apoyar la infraestructura hidr\u00e1ulica para todos los usuarios, recuperando vol\u00famenes en conducci\u00f3n y operaci\u00f3n.<\/p>\n\n\n\n<p>Adem\u00e1s, se acord\u00f3 solicitar a las y los senadores una supervisi\u00f3n detallada sobre el correcto cumplimiento del Tratado de Aguas de 1944, as\u00ed como exhortar a la CONAGUA a un aumento dr\u00e1stico en el n\u00famero de inspectores federales que vigilen, sancionen y reordenen la sobreexplotaci\u00f3n de la cuenca. Asimismo, se propuso fomentar el re\u00faso de aguas residuales tratadas, de tal manera que se asegure el abastecimiento para las demandas de la zona fronteriza.<\/p>\n\n\n\n<p>Por \u00faltimo, se plante\u00f3 finiquitar la reglamentaci\u00f3n de la distribuci\u00f3n de agua en la cuenca, siendo un tema primordial y postergado desde los estudios t\u00e9cnicos justificativos de 2011.<\/p>\n","protected":false},"excerpt":{"rendered":"<p>En reuni\u00f3n de trabajo, qued\u00f3 de manifiesto el inter\u00e9s del gobernador Am\u00e9rico Villarreal en un&#8230;<\/p>\n","protected":false},"author":1,"featured_media":3540,"comment_status":"open","ping_status":"open","sticky":false,"template":"","format":"standard","meta":{"footnotes":""},"categories":[2],"tags":[],"class_list":["post-3539","post","type-post","status-publish","format-standard","has-post-thumbnail","hentry","category-tamaulipas"],"_links":{"self":[{"href":"https:\/\/noticierotamaulipeco.info\/index.php?rest_route=\/wp\/v2\/posts\/3539","targetHints":{"allow":["GET"]}}],"collection":[{"href":"https:\/\/noticierotamaulipeco.info\/index.php?rest_route=\/wp\/v2\/posts"}],"about":[{"href":"https:\/\/noticierotamaulipeco.info\/index.php?rest_route=\/wp\/v2\/types\/post"}],"author":[{"embeddable":true,"href":"https:\/\/noticierotamaulipeco.info\/index.php?rest_route=\/wp\/v2\/users\/1"}],"replies":[{"embeddable":true,"href":"https:\/\/noticierotamaulipeco.info\/index.php?rest_route=%2Fwp%2Fv2%2Fcomments&post=3539"}],"version-history":[{"count":1,"href":"https:\/\/noticierotamaulipeco.info\/index.php?rest_route=\/wp\/v2\/posts\/3539\/revisions"}],"predecessor-version":[{"id":3541,"href":"https:\/\/noticierotamaulipeco.info\/index.php?rest_route=\/wp\/v2\/posts\/3539\/revisions\/3541"}],"wp:featuredmedia":[{"embeddable":true,"href":"https:\/\/noticierotamaulipeco.info\/index.php?rest_route=\/wp\/v2\/media\/3540"}],"wp:attachment":[{"href":"https:\/\/noticierotamaulipeco.info\/index.php?rest_route=%2Fwp%2Fv2%2Fmedia&parent=3539"}],"wp:term":[{"taxonomy":"category","embeddable":true,"href":"https:\/\/noticierotamaulipeco.info\/index.php?rest_route=%2Fwp%2Fv2%2Fcategories&post=3539"},{"taxonomy":"post_tag","embeddable":true,"href":"https:\/\/noticierotamaulipeco.info\/index.php?rest_route=%2Fwp%2Fv2%2Ftags&post=3539"}],"curies":[{"name":"wp","href":"https:\/\/api.w.org\/{rel}","templated":true}]}}