{"id":3561,"date":"2024-09-21T17:51:31","date_gmt":"2024-09-21T17:51:31","guid":{"rendered":"https:\/\/noticierotamaulipeco.info\/?p=3561"},"modified":"2024-10-04T17:52:00","modified_gmt":"2024-10-04T17:52:00","slug":"reconoce-y-revaloriza-tamaulipas-a-las-y-los-docentes-por-sus-practicas-educativas","status":"publish","type":"post","link":"https:\/\/noticierotamaulipeco.info\/?p=3561","title":{"rendered":"Reconoce y revaloriza Tamaulipas a las y los docentes por sus pr\u00e1cticas educativas"},"content":{"rendered":"\n<p>-108 maestras y maestros de nivel inicial a medio superior fueron reconocidos por la SET en m\u00e9rito a sus pr\u00e1cticas educativas creativas e innovadoras<\/p>\n\n\n\n<p>SET-093-024<\/p>\n\n\n\n<p>Septiembre 21 de 2024<\/p>\n\n\n\n<p>Ciudad Victoria, Tamaulipas.\u2013 Con el objetivo de revalorizar a las y los maestros tamaulipecos frente a grupo, como agentes fundamentales en el proceso de ense\u00f1anza aprendizaje, el Gobierno del Estado, a trav\u00e9s de la Secretar\u00eda de Educaci\u00f3n de Tamaulipas (SET), entreg\u00f3 el Reconocimiento a la Pr\u00e1ctica Educativa 2024.<\/p>\n\n\n\n<p>Debido a sus pr\u00e1cticas educativas y estrategias pedag\u00f3gicas creativas, innovadoras y originales, m\u00e1s de un centenar de docentes se hicieron merecedores a este reconocimiento, luego de haber participado en la \u2018Convocatoria del Proceso de Reconocimiento a la Pr\u00e1ctica Educativa 2024\u2019 y haber sido evaluados por \u00f3rganos colegiados y autoridades educativas.<\/p>\n\n\n\n<p>Las y los participantes entregaron narrativas en torno a tres temas de la pr\u00e1ctica educativa: Principales cambios en mi pr\u00e1ctica docente para el logro educativo: Mi participaci\u00f3n en el trabajo de la escuela para favorecer aprendizajes relevantes y duraderos en el alumnado; y Mis acciones para fomentar el v\u00ednculo entre la escuela y la comunidad en los procesos educativos.<\/p>\n\n\n\n<p>En la ceremonia efectuada en el Polyforum Victoria, Luc\u00eda Aim\u00e9 Castillo Pastor, secretaria de Educaci\u00f3n de Tamaulipas, afirm\u00f3 que las y los maestros son agentes transformadores por vocaci\u00f3n, raz\u00f3n por la cual los salones de clases son hogares, en donde avivan la calidez y el humanismo que caracteriza el trabajo docente.<\/p>\n\n\n\n<p>\u201cGracias por ser ejemplo, porque el ejemplo arrastra. Gracias por su ingenio e innovaci\u00f3n, por preguntarse el c\u00f3mo s\u00ed y conseguirlo. Gracias por poder contagiarnos y saber que podemos, que juntas y juntos podemos, que podemos en unidad, en comunidad\u201d, enfatiz\u00f3.<\/p>\n\n\n\n<p>Por su parte, Karla Mart\u00ednez, maestra galardonada y representante del gremio, agradeci\u00f3 a las autoridades por el reconocimiento recibido y&nbsp;exhort\u00f3 a sus compa\u00f1eras y compa\u00f1eros a continuar con la misma pasi\u00f3n, compromiso y amor por la ense\u00f1anza.<\/p>\n\n\n\n<p>En la edici\u00f3n 2024 del Reconocimiento a la Pr\u00e1ctica Educativa se distingui\u00f3 a 108 docentes procedentes de diversos municipios, de los cuales 102 corresponden al nivel de Educaci\u00f3n B\u00e1sica y 6 al nivel de Educaci\u00f3n Media Superior, quienes recibieron una medalla y un diploma.<\/p>\n\n\n\n<p>Hay que destacar que en todas las pr\u00e1cticas reconocidas, se tom\u00f3 en cuenta su reflexi\u00f3n, consideraci\u00f3n e incorporaci\u00f3n a la Nueva Escuela Mexicana, adoptando un enfoque cr\u00edtico, humanista y comunitario, que contribuye a la formaci\u00f3n de las y los estudiantes con una visi\u00f3n integral.<\/p>\n\n\n\n<p>La entrega de estos reconocimientos comprueban que las pol\u00edticas educativas del Gobierno del Estado, que dirige Am\u00e9rico Villarreal Anaya,&nbsp;dignifican la labor de las y los docentes y se asegura que reciban el reconocimiento que se merecen por su trabajo en las aulas, al formar a ni\u00f1as, ni\u00f1os y j\u00f3venes con una educaci\u00f3n de calidad y una visi\u00f3n humanista.<\/p>\n\n\n\n<p>En la ceremonia tambi\u00e9n estuvieron presentes Alma Leticia P\u00e9rez, en representaci\u00f3n de Arnulfo Rodr\u00edguez Trevi\u00f1o, secretario general de la Secci\u00f3n 30 del SNTE; Nora Hilda de los Reyes, titular de la Oficina de Enlace Educativo de la SEP; Silvia Guzm\u00e1n en representaci\u00f3n de Marcela Ram\u00edrez Jord\u00e1n, subsecretaria de Educaci\u00f3n B\u00e1sica, y Ernesto Salda\u00f1a Flores, coordinador del Sistema para la Carrera de las Maestras y los Maestros, entre otros.<\/p>\n","protected":false},"excerpt":{"rendered":"<p>-108 maestras y maestros de nivel inicial a medio superior fueron reconocidos por la SET&#8230;<\/p>\n","protected":false},"author":1,"featured_media":3562,"comment_status":"open","ping_status":"open","sticky":false,"template":"","format":"standard","meta":{"footnotes":""},"categories":[2],"tags":[],"class_list":["post-3561","post","type-post","status-publish","format-standard","has-post-thumbnail","hentry","category-tamaulipas"],"_links":{"self":[{"href":"https:\/\/noticierotamaulipeco.info\/index.php?rest_route=\/wp\/v2\/posts\/3561","targetHints":{"allow":["GET"]}}],"collection":[{"href":"https:\/\/noticierotamaulipeco.info\/index.php?rest_route=\/wp\/v2\/posts"}],"about":[{"href":"https:\/\/noticierotamaulipeco.info\/index.php?rest_route=\/wp\/v2\/types\/post"}],"author":[{"embeddable":true,"href":"https:\/\/noticierotamaulipeco.info\/index.php?rest_route=\/wp\/v2\/users\/1"}],"replies":[{"embeddable":true,"href":"https:\/\/noticierotamaulipeco.info\/index.php?rest_route=%2Fwp%2Fv2%2Fcomments&post=3561"}],"version-history":[{"count":1,"href":"https:\/\/noticierotamaulipeco.info\/index.php?rest_route=\/wp\/v2\/posts\/3561\/revisions"}],"predecessor-version":[{"id":3563,"href":"https:\/\/noticierotamaulipeco.info\/index.php?rest_route=\/wp\/v2\/posts\/3561\/revisions\/3563"}],"wp:featuredmedia":[{"embeddable":true,"href":"https:\/\/noticierotamaulipeco.info\/index.php?rest_route=\/wp\/v2\/media\/3562"}],"wp:attachment":[{"href":"https:\/\/noticierotamaulipeco.info\/index.php?rest_route=%2Fwp%2Fv2%2Fmedia&parent=3561"}],"wp:term":[{"taxonomy":"category","embeddable":true,"href":"https:\/\/noticierotamaulipeco.info\/index.php?rest_route=%2Fwp%2Fv2%2Fcategories&post=3561"},{"taxonomy":"post_tag","embeddable":true,"href":"https:\/\/noticierotamaulipeco.info\/index.php?rest_route=%2Fwp%2Fv2%2Ftags&post=3561"}],"curies":[{"name":"wp","href":"https:\/\/api.w.org\/{rel}","templated":true}]}}