{"id":3569,"date":"2024-09-19T17:54:40","date_gmt":"2024-09-19T17:54:40","guid":{"rendered":"https:\/\/noticierotamaulipeco.info\/?p=3569"},"modified":"2024-10-04T17:55:05","modified_gmt":"2024-10-04T17:55:05","slug":"arranca-festival-de-la-huasteca-en-tampico","status":"publish","type":"post","link":"https:\/\/noticierotamaulipeco.info\/?p=3569","title":{"rendered":"Arranca Festival de La Huasteca en Tampico"},"content":{"rendered":"\n<p>SBS-034-2024<\/p>\n\n\n\n<p>Septiembre 19 de 2024<\/p>\n\n\n\n<p>Tampico, Tamaulipas.- La secretaria de Bienestar Social, Silvia Casas Gonz\u00e1lez acudi\u00f3 en representaci\u00f3n del gobernador de Tamaulipas, Am\u00e9rico Villarreal Anaya, a la inauguraci\u00f3n del XXVII Festival de la Huasteca \u00abTradici\u00f3n en transformaci\u00f3n\u00bb, desarrollado en la emblem\u00e1tica Plaza Hijas de Tampico.<\/p>\n\n\n\n<p>Como cada a\u00f1o, este festival re\u00fane a artistas de los estados de Hidalgo, Puebla, Quer\u00e9taro, San Luis Potos\u00ed, Veracruz y Tamaulipas, con la intenci\u00f3n de conservar y promover las mas importantes expresiones culturales de la regi\u00f3n, en esta ocasi\u00f3n le toca a Tamaulipas por cuarta ocasi\u00f3n con el tema \u00abTradici\u00f3n en transformaci\u00f3n\u00bb.<\/p>\n\n\n\n<p>Durante la inauguraci\u00f3n, Aracely Sosa \u00c1lvarez, encargada del Despacho de la Direcci\u00f3n General del Instituto Tamaulipeco para la Cultura y las Artes (ITCA), dio las palabras de bienvenida, destacando la importancia de este encuentro cultural.<\/p>\n\n\n\n<p>\u00abEste Festival, es un espacio donde la m\u00fasica, la danza, la gastronom\u00eda, las lenguas, las letras y las costumbres se entrelazan record\u00e1ndonos que nuestras ra\u00edces son la base de nuestra identidad\u00bb, enfatiz\u00f3 la encargada de despacho del ITCA.<\/p>\n\n\n\n<p>En este evento estuvo presente, adem\u00e1s, Natividad Alarc\u00f3n Ortega, en representaci\u00f3n del secretario de Cultura del Estado de Puebla, qui\u00e9n enfatiz\u00f3 la colaboraci\u00f3n interregional para fortalecer el Programa de Desarrollo Cultural de la Huasteca.<\/p>\n\n\n\n<p>La secretaria Silvia Casas Gonz\u00e1lez, recibi\u00f3 el bast\u00f3n de mando por parte de una pareja de danzantes de Palmillas. Posteriormente en su mensaje destac\u00f3 la relevancia de preservar y difundir las tradiciones huastecas, un patrimonio invaluable para Tamaulipas y M\u00e9xico.<\/p>\n\n\n\n<p>\u00abSiendo las 19:10 hrs inauguramos este Festival, deseando que sea un \u00e9xito, no s\u00f3lo en t\u00e9rminos de participaci\u00f3n, sino en su capacidad de tocar el alma en cada uno de los asistentes; que esta fiesta de cultura nos inspire a seguir consiguiendo un M\u00e9xico orgulloso de su historia y comprometido con su futuro\u00bb, mencion\u00f3 la titular de SEBIEN.<\/p>\n\n\n\n<p>La jornada del festival dio inicio a las 11:00 horas con la bienvenida al XXVII Festival de la Huasteca, seguido de un panel de conferencias en el que se abordaron temas como el pasado, presente y futuro de los pueblos de la Huasteca, con la participaci\u00f3n de expertos como la doctora Abigail Techalotzi Amador y el doctor Iv\u00e1n Gerardo Deance Bravo. Durante el panel, tambi\u00e9n se discutieron los retos y las implicaciones para la transformaci\u00f3n ling\u00fc\u00edstica de las lenguas de la regi\u00f3n.<\/p>\n\n\n\n<p>El evento incluy\u00f3 presentaciones art\u00edsticas y tradicionales como el Encuentro de Danzas Tradicionales, con la participaci\u00f3n de grupos de Puebla, San Luis Potos\u00ed y Palmillas, Tamaulipas.<\/p>\n\n\n\n<p>La jornada cultural continu\u00f3 con el programa \u201cDel Fandango al Huapango\u201d, a cargo de la maestra Blanca Pulido, y culmin\u00f3 con una noche de huapangos en la que participaron grupos como el Tr\u00edo Jilgueros de Gonz\u00e1lez, Tr\u00edo Halc\u00f3n en Vuelo y Tr\u00edo Coraz\u00f3n Huasteco.<\/p>\n\n\n\n<p>El XXVII Festival de la Huasteca es una muestra del compromiso del Gobierno de Tamaulipas, la Secretar\u00eda de Bienestar Social y el Instituto Tamaulipeco para la Cultura y las Artes para fomentar y preservar las tradiciones que nos unen y enriquecen<\/p>\n","protected":false},"excerpt":{"rendered":"<p>SBS-034-2024 Septiembre 19 de 2024 Tampico, Tamaulipas.- La secretaria de Bienestar Social, Silvia Casas Gonz\u00e1lez&#8230;<\/p>\n","protected":false},"author":1,"featured_media":3570,"comment_status":"open","ping_status":"open","sticky":false,"template":"","format":"standard","meta":{"footnotes":""},"categories":[2],"tags":[],"class_list":["post-3569","post","type-post","status-publish","format-standard","has-post-thumbnail","hentry","category-tamaulipas"],"_links":{"self":[{"href":"https:\/\/noticierotamaulipeco.info\/index.php?rest_route=\/wp\/v2\/posts\/3569","targetHints":{"allow":["GET"]}}],"collection":[{"href":"https:\/\/noticierotamaulipeco.info\/index.php?rest_route=\/wp\/v2\/posts"}],"about":[{"href":"https:\/\/noticierotamaulipeco.info\/index.php?rest_route=\/wp\/v2\/types\/post"}],"author":[{"embeddable":true,"href":"https:\/\/noticierotamaulipeco.info\/index.php?rest_route=\/wp\/v2\/users\/1"}],"replies":[{"embeddable":true,"href":"https:\/\/noticierotamaulipeco.info\/index.php?rest_route=%2Fwp%2Fv2%2Fcomments&post=3569"}],"version-history":[{"count":1,"href":"https:\/\/noticierotamaulipeco.info\/index.php?rest_route=\/wp\/v2\/posts\/3569\/revisions"}],"predecessor-version":[{"id":3571,"href":"https:\/\/noticierotamaulipeco.info\/index.php?rest_route=\/wp\/v2\/posts\/3569\/revisions\/3571"}],"wp:featuredmedia":[{"embeddable":true,"href":"https:\/\/noticierotamaulipeco.info\/index.php?rest_route=\/wp\/v2\/media\/3570"}],"wp:attachment":[{"href":"https:\/\/noticierotamaulipeco.info\/index.php?rest_route=%2Fwp%2Fv2%2Fmedia&parent=3569"}],"wp:term":[{"taxonomy":"category","embeddable":true,"href":"https:\/\/noticierotamaulipeco.info\/index.php?rest_route=%2Fwp%2Fv2%2Fcategories&post=3569"},{"taxonomy":"post_tag","embeddable":true,"href":"https:\/\/noticierotamaulipeco.info\/index.php?rest_route=%2Fwp%2Fv2%2Ftags&post=3569"}],"curies":[{"name":"wp","href":"https:\/\/api.w.org\/{rel}","templated":true}]}}