{"id":3590,"date":"2024-10-05T06:01:10","date_gmt":"2024-10-05T06:01:10","guid":{"rendered":"https:\/\/noticierotamaulipeco.info\/?p=3590"},"modified":"2024-10-06T06:01:55","modified_gmt":"2024-10-06T06:01:55","slug":"se-suma-gobierno-de-tamaulipas-a-las-acciones-para-atender-poblacion-afectada-por-huracan-john-en-guerrero","status":"publish","type":"post","link":"https:\/\/noticierotamaulipeco.info\/?p=3590","title":{"rendered":"Se suma Gobierno de Tamaulipas a las acciones para atender poblaci\u00f3n afectada por hurac\u00e1n John en Guerrero"},"content":{"rendered":"\n<p>SST-093-2024<\/p>\n\n\n\n<p>Octubre 05 de 2024<\/p>\n\n\n\n<p>Ciudad Victoria, Tamaulipas.- El gobierno del doctor Am\u00e9rico Villarreal Anaya, despleg\u00f3 un equipo de profesionales de salud para sumarse a las acciones de atenci\u00f3n y servicio oportuno a la poblaci\u00f3n afectada por el hurac\u00e1n John en el estado de Guerrero.<\/p>\n\n\n\n<p>El secretario de Salud, Vicente Joel Hern\u00e1ndez Navarro, dio el banderazo de salida a las unidades y al personal que integra la brigada de auxilio, que, por segundo a\u00f1o, apoya en las acciones de recuperaci\u00f3n para garantizar la atenci\u00f3n m\u00e9dica y de servicios sanitarios en las zonas afectadas de esta entidad federativa.<\/p>\n\n\n\n<p>\u201cEstas acciones nos hacen part\u00edcipes de un gobierno humanista y emp\u00e1tico que caracteriza al gobernador Am\u00e9rico Villarreal Anaya, y en este momento, que existe una crisis en Acapulco, nuestro estado de Tamaulipas se suma para apoyar en la recuperaci\u00f3n de esta zona afectada por este tipo de fen\u00f3meno natural y as\u00ed como lo hicimos hace un a\u00f1o, ponemos nuestro granito de arena y ponemos lo mejor de nosotros como personas y profesionales de la salud\u201d, destac\u00f3 Hern\u00e1ndez Navarro, durante su discurso.<\/p>\n\n\n\n<p>La brigada est\u00e1 conformada por m\u00e9dicos, enfermeras y promotores de la salud, tres unidades m\u00e9dicas m\u00f3viles del programa Fortalecimiento a la Atenci\u00f3n M\u00e9dica, quienes se dirigen al puerto de Acapulco para permanecer 21 d\u00edas y sumarse a las actividades para lograr una pronta recuperaci\u00f3n.<\/p>\n\n\n\n<p>Al banderazo de salida y en el marco de la coordinaci\u00f3n entre las instituciones m\u00e9dicas asistieron el delegado estatal del IMSS, Federico H\u00e9ctor Mar\u00edn Mart\u00ednez; el subdelegado estatal del ISSSTE, Ernesto Lav\u00edn Hern\u00e1ndez; la delegada de la Cruz Roja, Graciela Guerra de Araujo; el coordinador del Programa IMSS- BIENESTAR, Jos\u00e9 Espronceda Galv\u00e1n; el subsecretario de Atenci\u00f3n M\u00e9dica, Mart\u00edn Arturo Rodr\u00edguez Alcocer; el subsecretario de Salud P\u00fablica, Rembrandt Reyes N\u00e1jera; la subsecretaria de Enfermer\u00eda, Irma Barrag\u00e1n Alvarado, y la subsecretaria de Administraci\u00f3n y Finanzas de la Secretar\u00eda de Salud, Carolina Arriaga Flores.<\/p>\n\n\n\n<p>Tambi\u00e9n se cont\u00f3 con la asistencia del comisionado estatal para la Protecci\u00f3n Contra Riesgos Sanitarios, Ram\u00f3n Gonz\u00e1lez Mart\u00ednez; Luis Lauro Reyes Rodr\u00edguez, delegado de los Programas Federales para el Bienestar en Tamaulipas; el director del Centro Regulador de Urgencias M\u00e9dicas, CRUM, Carlos Arturo Gonz\u00e1lez Castro; as\u00ed como la encargada del despacho de la Direcci\u00f3n de la Jurisdicci\u00f3n Sanitaria No. I Victoria, Zelenney Guadalupe Rodr\u00edguez Mendoza.<\/p>\n","protected":false},"excerpt":{"rendered":"<p>SST-093-2024 Octubre 05 de 2024 Ciudad Victoria, Tamaulipas.- El gobierno del doctor Am\u00e9rico Villarreal Anaya,&#8230;<\/p>\n","protected":false},"author":1,"featured_media":3591,"comment_status":"open","ping_status":"open","sticky":false,"template":"","format":"standard","meta":{"footnotes":""},"categories":[2],"tags":[],"class_list":["post-3590","post","type-post","status-publish","format-standard","has-post-thumbnail","hentry","category-tamaulipas"],"_links":{"self":[{"href":"https:\/\/noticierotamaulipeco.info\/index.php?rest_route=\/wp\/v2\/posts\/3590","targetHints":{"allow":["GET"]}}],"collection":[{"href":"https:\/\/noticierotamaulipeco.info\/index.php?rest_route=\/wp\/v2\/posts"}],"about":[{"href":"https:\/\/noticierotamaulipeco.info\/index.php?rest_route=\/wp\/v2\/types\/post"}],"author":[{"embeddable":true,"href":"https:\/\/noticierotamaulipeco.info\/index.php?rest_route=\/wp\/v2\/users\/1"}],"replies":[{"embeddable":true,"href":"https:\/\/noticierotamaulipeco.info\/index.php?rest_route=%2Fwp%2Fv2%2Fcomments&post=3590"}],"version-history":[{"count":1,"href":"https:\/\/noticierotamaulipeco.info\/index.php?rest_route=\/wp\/v2\/posts\/3590\/revisions"}],"predecessor-version":[{"id":3592,"href":"https:\/\/noticierotamaulipeco.info\/index.php?rest_route=\/wp\/v2\/posts\/3590\/revisions\/3592"}],"wp:featuredmedia":[{"embeddable":true,"href":"https:\/\/noticierotamaulipeco.info\/index.php?rest_route=\/wp\/v2\/media\/3591"}],"wp:attachment":[{"href":"https:\/\/noticierotamaulipeco.info\/index.php?rest_route=%2Fwp%2Fv2%2Fmedia&parent=3590"}],"wp:term":[{"taxonomy":"category","embeddable":true,"href":"https:\/\/noticierotamaulipeco.info\/index.php?rest_route=%2Fwp%2Fv2%2Fcategories&post=3590"},{"taxonomy":"post_tag","embeddable":true,"href":"https:\/\/noticierotamaulipeco.info\/index.php?rest_route=%2Fwp%2Fv2%2Ftags&post=3590"}],"curies":[{"name":"wp","href":"https:\/\/api.w.org\/{rel}","templated":true}]}}