{"id":3642,"date":"2024-10-06T01:46:56","date_gmt":"2024-10-06T01:46:56","guid":{"rendered":"https:\/\/noticierotamaulipeco.info\/?p=3642"},"modified":"2024-10-07T01:48:44","modified_gmt":"2024-10-07T01:48:44","slug":"presenta-gobernador-americo-villareal-anaya-dos-anos-de-memoria-de-una-transformacion","status":"publish","type":"post","link":"https:\/\/noticierotamaulipeco.info\/?p=3642","title":{"rendered":"Presenta Gobernador Am\u00e9rico Villareal Anaya  &#8220;Dos a\u00f1os de memoria de una transformaci\u00f3n&#8221;"},"content":{"rendered":"\n<p>Al cumplirse el primer tercio de la Transformaci\u00f3n en Tamaulipas se han encarrilado las tareas de gobierno, se sirve al pueblo, regres\u00f3 la concordia y se cumple el objetivo de tener una sociedad m\u00e1s colaborativa y participativa, afirm\u00f3 el gobernador&nbsp;<a href=\"https:\/\/www.facebook.com\/dr.americovillarreal?__cft__[0]=AZXtgmCQl0sz6u-3T3sxQ_7G1jZU7WNUIADomEYKWA4TtkvsPpMoXLOYYhFhYbsSGksHip5Di9vrU8JhS-FeD8Lqt28-JV5ycarwt_3J6b7yPyeBMMdNYIRESQP_26bRseeFZq5U6-vUMjVw0C8ZZ4l090IzjV5ygTGAj6P17uzeA2rJjWE9yuJ62V-3h2S7h3U&amp;__tn__=-]K-R\">Am\u00e9rico Villarreal<\/a>.<\/p>\n\n\n\n<p>\u201cEn este lapso, nos hemos esforzado por devolver el gobierno y ponerlo verdaderamente al servicio de su \u00fanico soberano: el pueblo de Tamaulipas\u201d, dijo.<\/p>\n\n\n\n<p>Al compartir con las y los tamaulipecos \u201cDos A\u00f1os de&nbsp;<a><\/a>Memorias de una Transformaci\u00f3n\u201d, este domingo en el teatro Amalia G. de Castillo Led\u00f3n, junto a la presidenta del&nbsp;<a href=\"https:\/\/www.facebook.com\/diftam?__cft__[0]=AZXtgmCQl0sz6u-3T3sxQ_7G1jZU7WNUIADomEYKWA4TtkvsPpMoXLOYYhFhYbsSGksHip5Di9vrU8JhS-FeD8Lqt28-JV5ycarwt_3J6b7yPyeBMMdNYIRESQP_26bRseeFZq5U6-vUMjVw0C8ZZ4l090IzjV5ygTGAj6P17uzeA2rJjWE9yuJ62V-3h2S7h3U&amp;__tn__=-]K-R\">DIF Tamaulipas<\/a>, la&nbsp;<a href=\"https:\/\/www.facebook.com\/dra.mariadevillarreal?__cft__[0]=AZXtgmCQl0sz6u-3T3sxQ_7G1jZU7WNUIADomEYKWA4TtkvsPpMoXLOYYhFhYbsSGksHip5Di9vrU8JhS-FeD8Lqt28-JV5ycarwt_3J6b7yPyeBMMdNYIRESQP_26bRseeFZq5U6-vUMjVw0C8ZZ4l090IzjV5ygTGAj6P17uzeA2rJjWE9yuJ62V-3h2S7h3U&amp;__tn__=-]K-R\">Dra. Mar\u00eda de Villarreal<\/a>, el gobernador agreg\u00f3 que en este momento excepcional de nuestra historia, Tamaulipas va junto con la presidenta&nbsp;<a href=\"https:\/\/www.facebook.com\/ClaudiaSheinbaumPardo?__cft__[0]=AZXtgmCQl0sz6u-3T3sxQ_7G1jZU7WNUIADomEYKWA4TtkvsPpMoXLOYYhFhYbsSGksHip5Di9vrU8JhS-FeD8Lqt28-JV5ycarwt_3J6b7yPyeBMMdNYIRESQP_26bRseeFZq5U6-vUMjVw0C8ZZ4l090IzjV5ygTGAj6P17uzeA2rJjWE9yuJ62V-3h2S7h3U&amp;__tn__=-]K-R\">Claudia Sheinbaum Pardo<\/a>.<\/p>\n","protected":false},"excerpt":{"rendered":"<p>Al cumplirse el primer tercio de la Transformaci\u00f3n en Tamaulipas se han encarrilado las tareas&#8230;<\/p>\n","protected":false},"author":1,"featured_media":3643,"comment_status":"open","ping_status":"open","sticky":false,"template":"","format":"standard","meta":{"footnotes":""},"categories":[2],"tags":[],"class_list":["post-3642","post","type-post","status-publish","format-standard","has-post-thumbnail","hentry","category-tamaulipas"],"_links":{"self":[{"href":"https:\/\/noticierotamaulipeco.info\/index.php?rest_route=\/wp\/v2\/posts\/3642","targetHints":{"allow":["GET"]}}],"collection":[{"href":"https:\/\/noticierotamaulipeco.info\/index.php?rest_route=\/wp\/v2\/posts"}],"about":[{"href":"https:\/\/noticierotamaulipeco.info\/index.php?rest_route=\/wp\/v2\/types\/post"}],"author":[{"embeddable":true,"href":"https:\/\/noticierotamaulipeco.info\/index.php?rest_route=\/wp\/v2\/users\/1"}],"replies":[{"embeddable":true,"href":"https:\/\/noticierotamaulipeco.info\/index.php?rest_route=%2Fwp%2Fv2%2Fcomments&post=3642"}],"version-history":[{"count":1,"href":"https:\/\/noticierotamaulipeco.info\/index.php?rest_route=\/wp\/v2\/posts\/3642\/revisions"}],"predecessor-version":[{"id":3644,"href":"https:\/\/noticierotamaulipeco.info\/index.php?rest_route=\/wp\/v2\/posts\/3642\/revisions\/3644"}],"wp:featuredmedia":[{"embeddable":true,"href":"https:\/\/noticierotamaulipeco.info\/index.php?rest_route=\/wp\/v2\/media\/3643"}],"wp:attachment":[{"href":"https:\/\/noticierotamaulipeco.info\/index.php?rest_route=%2Fwp%2Fv2%2Fmedia&parent=3642"}],"wp:term":[{"taxonomy":"category","embeddable":true,"href":"https:\/\/noticierotamaulipeco.info\/index.php?rest_route=%2Fwp%2Fv2%2Fcategories&post=3642"},{"taxonomy":"post_tag","embeddable":true,"href":"https:\/\/noticierotamaulipeco.info\/index.php?rest_route=%2Fwp%2Fv2%2Ftags&post=3642"}],"curies":[{"name":"wp","href":"https:\/\/api.w.org\/{rel}","templated":true}]}}