{"id":3653,"date":"2024-10-09T00:50:45","date_gmt":"2024-10-09T00:50:45","guid":{"rendered":"https:\/\/noticierotamaulipeco.info\/?p=3653"},"modified":"2024-10-09T00:50:46","modified_gmt":"2024-10-09T00:50:46","slug":"la-uat-y-la-secretaria-de-salud-fortalecen-el-mejoramiento-de-la-ensenanza-medica","status":"publish","type":"post","link":"https:\/\/noticierotamaulipeco.info\/?p=3653","title":{"rendered":"La UAT y la Secretar\u00eda de Salud fortalecen el mejoramiento de la ense\u00f1anza m\u00e9dica"},"content":{"rendered":"\n<p><\/p>\n\n\n\n<p>El rector de la Universidad Aut\u00f3noma de Tamaulipas (UAT), D\u00e1maso Anaya<br>Alvarado, presidi\u00f3 una reuni\u00f3n de trabajo con el titular de la Secretar\u00eda de Salud<br>de Tamaulipas, Vicente Joel Hern\u00e1ndez Navarro, para estrechar la colaboraci\u00f3n y<br>dar seguimiento a las acciones que contribuyan al mejoramiento de la formaci\u00f3n<br>profesional en el campo de la salud.<br>La reuni\u00f3n cont\u00f3 con la participaci\u00f3n de los directores de las Facultades de<br>Medicina de la UAT en Tampico y Matamoros, Dr. Ra\u00fal de Le\u00f3n Escobedo y Mtro.<br>Pedro Luis Mendoza M\u00fazquiz, respectivamente, as\u00ed como del subsecretario de<br>Educaci\u00f3n Media Superior y Superior de la Secretar\u00eda de Educaci\u00f3n de<br>Tamaulipas, Dr. Guadalupe Acosta Villarreal.<br>En este marco, el rector D\u00e1maso Anaya destac\u00f3 la oportunidad de<br>estrechar los lazos de colaboraci\u00f3n y coordinaci\u00f3n institucional que permitan<br>seguir aportando todos los esfuerzos para impulsar una educaci\u00f3n humanista y de<br>excelencia en beneficio de la sociedad.<br>Por su parte, el Dr. Vicente Joel Hern\u00e1ndez reiter\u00f3 la disposici\u00f3n de la<br>Secretar\u00eda de Salud para continuar trabajando en conjunto con la UAT por el<br>fortalecimiento de la educaci\u00f3n y la ense\u00f1anza en materia de salud.<br>Entre los temas se plantearon propuestas relacionadas con el funcionamiento<br>y mejoramiento de los campos cl\u00ednicos, cuyo proceso comprende los estudios de<br>pregrado, internado de pregrado y el servicio social, que son fundamentales en la<br>formaci\u00f3n y desarrollo de competencias de los futuros profesionales de la<br>medicina.<br>Se expuso tambi\u00e9n el objetivo de reforzar los procesos de gesti\u00f3n administrativa<br>en los campos cl\u00ednicos, los procedimientos de ingreso y egreso en la carrera de<br>Medicina, as\u00ed como el de fortalecer los espacios que al estudiantado le permitan<\/p>\n\n\n\n<p>culminar su formaci\u00f3n con los m\u00e1s altos est\u00e1ndares de educaci\u00f3n m\u00e9dica en<br>M\u00e9xico.<br>Fortaleciendo el tema de las pr\u00e1cticas profesionales, la UAT reafirma su<br>compromiso con una educaci\u00f3n humanista y de calidad, lo cual, en colaboraci\u00f3n<br>con la Secretar\u00eda de Salud, garantiza una adecuada cobertura de las cl\u00ednicas y<br>hospitales de Tamaulipas, as\u00ed como la excelencia en la atenci\u00f3n a la salud de la<br>poblaci\u00f3n.<\/p>\n","protected":false},"excerpt":{"rendered":"<p>El rector de la Universidad Aut\u00f3noma de Tamaulipas (UAT), D\u00e1maso AnayaAlvarado, presidi\u00f3 una reuni\u00f3n de&#8230;<\/p>\n","protected":false},"author":1,"featured_media":3654,"comment_status":"open","ping_status":"open","sticky":false,"template":"","format":"standard","meta":{"footnotes":""},"categories":[4],"tags":[],"class_list":["post-3653","post","type-post","status-publish","format-standard","has-post-thumbnail","hentry","category-educacion"],"_links":{"self":[{"href":"https:\/\/noticierotamaulipeco.info\/index.php?rest_route=\/wp\/v2\/posts\/3653","targetHints":{"allow":["GET"]}}],"collection":[{"href":"https:\/\/noticierotamaulipeco.info\/index.php?rest_route=\/wp\/v2\/posts"}],"about":[{"href":"https:\/\/noticierotamaulipeco.info\/index.php?rest_route=\/wp\/v2\/types\/post"}],"author":[{"embeddable":true,"href":"https:\/\/noticierotamaulipeco.info\/index.php?rest_route=\/wp\/v2\/users\/1"}],"replies":[{"embeddable":true,"href":"https:\/\/noticierotamaulipeco.info\/index.php?rest_route=%2Fwp%2Fv2%2Fcomments&post=3653"}],"version-history":[{"count":1,"href":"https:\/\/noticierotamaulipeco.info\/index.php?rest_route=\/wp\/v2\/posts\/3653\/revisions"}],"predecessor-version":[{"id":3655,"href":"https:\/\/noticierotamaulipeco.info\/index.php?rest_route=\/wp\/v2\/posts\/3653\/revisions\/3655"}],"wp:featuredmedia":[{"embeddable":true,"href":"https:\/\/noticierotamaulipeco.info\/index.php?rest_route=\/wp\/v2\/media\/3654"}],"wp:attachment":[{"href":"https:\/\/noticierotamaulipeco.info\/index.php?rest_route=%2Fwp%2Fv2%2Fmedia&parent=3653"}],"wp:term":[{"taxonomy":"category","embeddable":true,"href":"https:\/\/noticierotamaulipeco.info\/index.php?rest_route=%2Fwp%2Fv2%2Fcategories&post=3653"},{"taxonomy":"post_tag","embeddable":true,"href":"https:\/\/noticierotamaulipeco.info\/index.php?rest_route=%2Fwp%2Fv2%2Ftags&post=3653"}],"curies":[{"name":"wp","href":"https:\/\/api.w.org\/{rel}","templated":true}]}}