{"id":3661,"date":"2024-10-09T04:17:51","date_gmt":"2024-10-09T04:17:51","guid":{"rendered":"https:\/\/noticierotamaulipeco.info\/?p=3661"},"modified":"2024-10-10T04:19:45","modified_gmt":"2024-10-10T04:19:45","slug":"amplian-fecha-del-registro-hasta-el-30-de-octubre-para-el-proyecto-honor-dignidad-y-amor-por-tamaulipas","status":"publish","type":"post","link":"https:\/\/noticierotamaulipeco.info\/?p=3661","title":{"rendered":"Ampl\u00edan  fecha del registro, hasta el 30 de octubre para El Proyecto: Honor, Dignidad y Amor por Tamaulipas"},"content":{"rendered":"\n<p>La Secretar\u00eda de Educaci\u00f3n de Tamaulipas a trav\u00e9s de la&nbsp;<a href=\"https:\/\/www.facebook.com\/educacionbasica.tamaulipas?__tn__=-]K*F\">Subsecretar\u00eda de Educaci\u00f3n B\u00e1sica de Tamaulipas<\/a>&nbsp;y la Coordinaci\u00f3n de Innovaci\u00f3n Educativa y Proyectos Estrat\u00e9gicos, convocan a participar en el Proyecto: Honor, Dignidad y Amor por Tamaulipas, ciclo escolar 2024-2025, para las escuelas primarias p\u00fablicas y particulares unitarias, multigrado y de organizaci\u00f3n completa.<\/p>\n\n\n\n<p>Se realiza en el marco de la celebraci\u00f3n del Bicentenario de la Constituci\u00f3n del Estado Libre y Soberano de Tamaulipas, dentro de la Estrategia Camino de Paz para Transformar mi Comunidad.<\/p>\n\n\n\n<p>Al participar en este proyecto, se logra el objetivo de fomentar una cultura de paz mediante acciones escolares que promuevan en las y los estudiantes de primaria el sentido de pertenencia e identidad y la pr\u00e1ctica de los valores de la Nueva Escuela Mexicana, para contribuir en la transformaci\u00f3n social de Tamaulipas.<\/p>\n\n\n\n<p><img loading=\"lazy\" decoding=\"async\" height=\"16\" width=\"16\" alt=\"\ud83d\udccc\" src=\"https:\/\/static.xx.fbcdn.net\/images\/emoji.php\/v9\/tac\/1\/16\/1f4cc.png\">Bases de la convocatoria, en la siguiente liga:<br><a href=\"https:\/\/www.tamaulipas.gob.mx\/educacion\/convocatoria\/hdyat-primaria-2024\/?fbclid=IwZXh0bgNhZW0CMTAAAR0kIqObTp6Z0K2K8S9TOdmSG2XPA4TsJL28mjLqNHpwG4wXFKXLYZI8MIc_aem_pW6VHnSc2ErQwqXo2JAxvQ\" rel=\"noreferrer noopener\" target=\"_blank\">https:\/\/www.tamaulipas.gob.mx\/&#8230;\/hdyat-primaria-2024\/<\/a><\/p>\n","protected":false},"excerpt":{"rendered":"<p>La Secretar\u00eda de Educaci\u00f3n de Tamaulipas a trav\u00e9s de la&nbsp;Subsecretar\u00eda de Educaci\u00f3n B\u00e1sica de Tamaulipas&nbsp;y&#8230;<\/p>\n","protected":false},"author":1,"featured_media":3662,"comment_status":"open","ping_status":"open","sticky":false,"template":"","format":"standard","meta":{"footnotes":""},"categories":[2],"tags":[],"class_list":["post-3661","post","type-post","status-publish","format-standard","has-post-thumbnail","hentry","category-tamaulipas"],"_links":{"self":[{"href":"https:\/\/noticierotamaulipeco.info\/index.php?rest_route=\/wp\/v2\/posts\/3661","targetHints":{"allow":["GET"]}}],"collection":[{"href":"https:\/\/noticierotamaulipeco.info\/index.php?rest_route=\/wp\/v2\/posts"}],"about":[{"href":"https:\/\/noticierotamaulipeco.info\/index.php?rest_route=\/wp\/v2\/types\/post"}],"author":[{"embeddable":true,"href":"https:\/\/noticierotamaulipeco.info\/index.php?rest_route=\/wp\/v2\/users\/1"}],"replies":[{"embeddable":true,"href":"https:\/\/noticierotamaulipeco.info\/index.php?rest_route=%2Fwp%2Fv2%2Fcomments&post=3661"}],"version-history":[{"count":1,"href":"https:\/\/noticierotamaulipeco.info\/index.php?rest_route=\/wp\/v2\/posts\/3661\/revisions"}],"predecessor-version":[{"id":3663,"href":"https:\/\/noticierotamaulipeco.info\/index.php?rest_route=\/wp\/v2\/posts\/3661\/revisions\/3663"}],"wp:featuredmedia":[{"embeddable":true,"href":"https:\/\/noticierotamaulipeco.info\/index.php?rest_route=\/wp\/v2\/media\/3662"}],"wp:attachment":[{"href":"https:\/\/noticierotamaulipeco.info\/index.php?rest_route=%2Fwp%2Fv2%2Fmedia&parent=3661"}],"wp:term":[{"taxonomy":"category","embeddable":true,"href":"https:\/\/noticierotamaulipeco.info\/index.php?rest_route=%2Fwp%2Fv2%2Fcategories&post=3661"},{"taxonomy":"post_tag","embeddable":true,"href":"https:\/\/noticierotamaulipeco.info\/index.php?rest_route=%2Fwp%2Fv2%2Ftags&post=3661"}],"curies":[{"name":"wp","href":"https:\/\/api.w.org\/{rel}","templated":true}]}}