{"id":3665,"date":"2024-10-09T04:20:20","date_gmt":"2024-10-09T04:20:20","guid":{"rendered":"https:\/\/noticierotamaulipeco.info\/?p=3665"},"modified":"2024-10-10T04:20:52","modified_gmt":"2024-10-10T04:20:52","slug":"inaugura-el-rector-damaso-anaya-el-webinario-identidad-uat","status":"publish","type":"post","link":"https:\/\/noticierotamaulipeco.info\/?p=3665","title":{"rendered":"Inaugura el rector D\u00e1maso Anaya el webinario Identidad UAT"},"content":{"rendered":"\n<p><br>El rector de la Universidad Aut\u00f3noma de Tamaulipas, MVZ D\u00e1maso Anaya<br>Alvarado, inaugur\u00f3 el seminario web Identidad UAT, cuyo fin es fortalecer el<br>sentido de pertenencia universitario y la responsabilidad social entre estudiantes y<br>docentes, promoviendo un enfoque humanista en las estrategias de aprendizaje y<br>ense\u00f1anza en la formaci\u00f3n integral de su comunidad.<br>Al dar inicio al evento de manera virtual, el rector se dirigi\u00f3 al conjunto de<br>participantes con un mensaje en el que destac\u00f3 la importancia de este webinario<br>en el contexto del 74 aniversario de la UAT.<br>Subray\u00f3 la relevancia de los valores que definen a la Universidad: \u201cQueremos<br>compartirles todo lo que hace nuestra m\u00e1xima casa de estudios en el estado,<br>nuestra visi\u00f3n humanista y nuestro enfoque por transformar la educaci\u00f3n con<br>valores, con innovaci\u00f3n, con cultura, arte y deportes para su formaci\u00f3n\u201d, expres\u00f3.<br>Tambi\u00e9n invit\u00f3 a la comunidad estudiantil a participar activamente en el<br>proceso de fortalecimiento de su identidad universitaria, record\u00e1ndoles la<br>importancia de ser parte de la transformaci\u00f3n de Tamaulipas.<br>El ciberseminario Identidad UAT est\u00e1 organizado en dos \u00e1reas principales,<br>una dirigida a los estudiantes y otra a los docentes. La parte enfocada en la<br>comunidad estudiantil se program\u00f3 en tres sesiones, los d\u00edas 9, 16 y 23 de<br>octubre, en horarios matutino y vespertino, con los temas: Tu identidad UAT,<br>Transforma tu aprendizaje y Transforma innovando.<br>En cuanto a los docentes, las sesiones se realizar\u00e1n los d\u00edas 10, 17 y 24 de<br>octubre, en temas como Identidad UAT, Transformando la ense\u00f1anza e Innovaci\u00f3n<br>educativa.<br>Durante la exposici\u00f3n se utilizar\u00e1n materiales audiovisuales, sketches, din\u00e1micas<br>interactivas y c\u00e1psulas informativas en las que se transmiten a la comunidad<br>universitaria los valores humanistas que definen a la UAT. Adem\u00e1s, se destacar\u00e1n<\/p>\n\n\n\n<p>los programas educativos, la visi\u00f3n institucional y la historia de la Universidad.<br>Este evento busca tambi\u00e9n desarrollar estrategias de aprendizaje y<br>ense\u00f1anza efectiva bajo un enfoque humanista, responsable y solidario; al mismo<br>tiempo, refuerza el compromiso de la instituci\u00f3n por seguir impulsando una<br>educaci\u00f3n de calidad, con valores que trascienden las aulas y preparan a sus<br>estudiantes para convertirse en profesionales exitosos al servicio de la sociedad.<\/p>\n","protected":false},"excerpt":{"rendered":"<p>El rector de la Universidad Aut\u00f3noma de Tamaulipas, MVZ D\u00e1maso AnayaAlvarado, inaugur\u00f3 el seminario web&#8230;<\/p>\n","protected":false},"author":1,"featured_media":3666,"comment_status":"open","ping_status":"open","sticky":false,"template":"","format":"standard","meta":{"footnotes":""},"categories":[4],"tags":[],"class_list":["post-3665","post","type-post","status-publish","format-standard","has-post-thumbnail","hentry","category-educacion"],"_links":{"self":[{"href":"https:\/\/noticierotamaulipeco.info\/index.php?rest_route=\/wp\/v2\/posts\/3665","targetHints":{"allow":["GET"]}}],"collection":[{"href":"https:\/\/noticierotamaulipeco.info\/index.php?rest_route=\/wp\/v2\/posts"}],"about":[{"href":"https:\/\/noticierotamaulipeco.info\/index.php?rest_route=\/wp\/v2\/types\/post"}],"author":[{"embeddable":true,"href":"https:\/\/noticierotamaulipeco.info\/index.php?rest_route=\/wp\/v2\/users\/1"}],"replies":[{"embeddable":true,"href":"https:\/\/noticierotamaulipeco.info\/index.php?rest_route=%2Fwp%2Fv2%2Fcomments&post=3665"}],"version-history":[{"count":1,"href":"https:\/\/noticierotamaulipeco.info\/index.php?rest_route=\/wp\/v2\/posts\/3665\/revisions"}],"predecessor-version":[{"id":3667,"href":"https:\/\/noticierotamaulipeco.info\/index.php?rest_route=\/wp\/v2\/posts\/3665\/revisions\/3667"}],"wp:featuredmedia":[{"embeddable":true,"href":"https:\/\/noticierotamaulipeco.info\/index.php?rest_route=\/wp\/v2\/media\/3666"}],"wp:attachment":[{"href":"https:\/\/noticierotamaulipeco.info\/index.php?rest_route=%2Fwp%2Fv2%2Fmedia&parent=3665"}],"wp:term":[{"taxonomy":"category","embeddable":true,"href":"https:\/\/noticierotamaulipeco.info\/index.php?rest_route=%2Fwp%2Fv2%2Fcategories&post=3665"},{"taxonomy":"post_tag","embeddable":true,"href":"https:\/\/noticierotamaulipeco.info\/index.php?rest_route=%2Fwp%2Fv2%2Ftags&post=3665"}],"curies":[{"name":"wp","href":"https:\/\/api.w.org\/{rel}","templated":true}]}}