{"id":3673,"date":"2024-10-11T03:15:51","date_gmt":"2024-10-11T03:15:51","guid":{"rendered":"https:\/\/noticierotamaulipeco.info\/?p=3673"},"modified":"2024-10-11T03:15:52","modified_gmt":"2024-10-11T03:15:52","slug":"gran-inauguracion-de-la-feria-tamaulipas-2024","status":"publish","type":"post","link":"https:\/\/noticierotamaulipeco.info\/?p=3673","title":{"rendered":"Gran inauguraci\u00f3n de la Feria Tamaulipas 2024"},"content":{"rendered":"\n<p>Se llev\u00f3 a cabo la inauguraci\u00f3n la <a href=\"https:\/\/www.facebook.com\/FeriaTam?__cft__[0]=AZUWcS52FcZsuSB83INN85nS6l1W740dcYYRCJQ4vFaT5wWehmGjw0jiRcfMi-DCPxYqWE1Sr8ZOuLbRqNjcWOY2dnEuw65mpw6q_yz5_La_eZTPiICQGl_pL7smWKaV5lK2rJHg59buOfWii-UsyKO5w9AbPKFVO6dNygTq9byd9_lxrgQ2zc_kAYzNj3au4Tk&amp;__tn__=-]K-R\">Feria Tamaulipas<\/a> 2024 por parte del gobernador <a href=\"https:\/\/www.facebook.com\/dr.americovillarreal?__cft__[0]=AZUWcS52FcZsuSB83INN85nS6l1W740dcYYRCJQ4vFaT5wWehmGjw0jiRcfMi-DCPxYqWE1Sr8ZOuLbRqNjcWOY2dnEuw65mpw6q_yz5_La_eZTPiICQGl_pL7smWKaV5lK2rJHg59buOfWii-UsyKO5w9AbPKFVO6dNygTq9byd9_lxrgQ2zc_kAYzNj3au4Tk&amp;__tn__=-]K-R\">Am\u00e9rico Villarreal<\/a> y la presidenta del <a href=\"https:\/\/www.facebook.com\/diftam?__cft__[0]=AZUWcS52FcZsuSB83INN85nS6l1W740dcYYRCJQ4vFaT5wWehmGjw0jiRcfMi-DCPxYqWE1Sr8ZOuLbRqNjcWOY2dnEuw65mpw6q_yz5_La_eZTPiICQGl_pL7smWKaV5lK2rJHg59buOfWii-UsyKO5w9AbPKFVO6dNygTq9byd9_lxrgQ2zc_kAYzNj3au4Tk&amp;__tn__=-]K-R\">DIF Tamaulipas<\/a> la <a href=\"https:\/\/www.facebook.com\/dra.mariadevillarreal?__cft__[0]=AZUWcS52FcZsuSB83INN85nS6l1W740dcYYRCJQ4vFaT5wWehmGjw0jiRcfMi-DCPxYqWE1Sr8ZOuLbRqNjcWOY2dnEuw65mpw6q_yz5_La_eZTPiICQGl_pL7smWKaV5lK2rJHg59buOfWii-UsyKO5w9AbPKFVO6dNygTq9byd9_lxrgQ2zc_kAYzNj3au4Tk&amp;__tn__=-]K-R\">Dra. Mar\u00eda de Villarreal<\/a>, donde realiz\u00f3 una invitaci\u00f3n a las y los tamaulipecos a vivir y disfrutar en paz estos momentos que contribuyen a forjar una sociedad m\u00e1s solidaria y humanista.<\/p>\n\n\n\n<p>&#8220;Que ahora, a partir de este momento, podemos comenzar a tener actividades que tambi\u00e9n son justas en la oportunidad de tener espacios recreativos, que <a><\/a>est\u00e1n principalmente pensados para poder darle un espacio de entretenimiento y de felicidad a nuestros ni\u00f1os, ni\u00f1as y adolescentes, y que podamos disfrutar de estos momentos y de una condici\u00f3n de integraci\u00f3n social&#8221;, mencion\u00f3 el Gobernador<\/p>\n\n\n\n<p>Estuvieron presentes Mandos Militares, miembros del Gabinete Estatal, alcaldes y alcaldesas de Tamaulipas, as\u00ed como, autoridades federales, estatales y locales.<\/p>\n","protected":false},"excerpt":{"rendered":"<p>Se llev\u00f3 a cabo la inauguraci\u00f3n la Feria Tamaulipas 2024 por parte del gobernador Am\u00e9rico&#8230;<\/p>\n","protected":false},"author":1,"featured_media":3674,"comment_status":"open","ping_status":"open","sticky":false,"template":"","format":"standard","meta":{"footnotes":""},"categories":[2],"tags":[],"class_list":["post-3673","post","type-post","status-publish","format-standard","has-post-thumbnail","hentry","category-tamaulipas"],"_links":{"self":[{"href":"https:\/\/noticierotamaulipeco.info\/index.php?rest_route=\/wp\/v2\/posts\/3673","targetHints":{"allow":["GET"]}}],"collection":[{"href":"https:\/\/noticierotamaulipeco.info\/index.php?rest_route=\/wp\/v2\/posts"}],"about":[{"href":"https:\/\/noticierotamaulipeco.info\/index.php?rest_route=\/wp\/v2\/types\/post"}],"author":[{"embeddable":true,"href":"https:\/\/noticierotamaulipeco.info\/index.php?rest_route=\/wp\/v2\/users\/1"}],"replies":[{"embeddable":true,"href":"https:\/\/noticierotamaulipeco.info\/index.php?rest_route=%2Fwp%2Fv2%2Fcomments&post=3673"}],"version-history":[{"count":1,"href":"https:\/\/noticierotamaulipeco.info\/index.php?rest_route=\/wp\/v2\/posts\/3673\/revisions"}],"predecessor-version":[{"id":3676,"href":"https:\/\/noticierotamaulipeco.info\/index.php?rest_route=\/wp\/v2\/posts\/3673\/revisions\/3676"}],"wp:featuredmedia":[{"embeddable":true,"href":"https:\/\/noticierotamaulipeco.info\/index.php?rest_route=\/wp\/v2\/media\/3674"}],"wp:attachment":[{"href":"https:\/\/noticierotamaulipeco.info\/index.php?rest_route=%2Fwp%2Fv2%2Fmedia&parent=3673"}],"wp:term":[{"taxonomy":"category","embeddable":true,"href":"https:\/\/noticierotamaulipeco.info\/index.php?rest_route=%2Fwp%2Fv2%2Fcategories&post=3673"},{"taxonomy":"post_tag","embeddable":true,"href":"https:\/\/noticierotamaulipeco.info\/index.php?rest_route=%2Fwp%2Fv2%2Ftags&post=3673"}],"curies":[{"name":"wp","href":"https:\/\/api.w.org\/{rel}","templated":true}]}}