{"id":3734,"date":"2024-10-16T14:50:28","date_gmt":"2024-10-16T14:50:28","guid":{"rendered":"https:\/\/noticierotamaulipeco.info\/?p=3734"},"modified":"2024-10-16T14:50:29","modified_gmt":"2024-10-16T14:50:29","slug":"americo-villareal-anaya-gobernador-de-tamaulipas","status":"publish","type":"post","link":"https:\/\/noticierotamaulipeco.info\/?p=3734","title":{"rendered":"Am\u00e9rico Villareal Anaya Gobernador de Tamaulipas"},"content":{"rendered":"\n<p>Con profunda tristeza, env\u00edo mis m\u00e1s sinceras condolencias a la familia de mi querido amigo Juan Manuel Guerrero Garza. Su partida nos duele profundamente a toda mi familia y a m\u00ed. Fue un gran amigo que trabaj\u00f3 con dedicaci\u00f3n y entrega al frente del <a href=\"https:\/\/www.facebook.com\/zoologico.tamatan?__cft__[0]=AZX57ieshe77L1U4kBzISpSYCFna4VRCzQqRVj4tW-Z39EYhPj0fyDGqzjj_lga3oqrVt_0_MfUg6LYpBEc8ruClg0j0KJJ8i3vlO81b7niGUJeG_S-tdkoQ7OmI8oB--Af0euyBDKAuTuqvFbtXO9DWKjxEwBSxuIDkfRfhZ248c1WLcAY434CQ2rrUkcUhGMb_aySlTsgyUN9VItyxXV0C&amp;__tn__=-]K-R\">Zool\u00f3gico Tamat\u00e1n<\/a><\/p>\n\n\n\n<p>. Su recuerdo permanecer\u00e1 con nosotros y su ausencia deja un gran vac\u00edo en nuestros corazones. Que descanse en paz.<\/p>\n","protected":false},"excerpt":{"rendered":"<p>Con profunda tristeza, env\u00edo mis m\u00e1s sinceras condolencias a la familia de mi querido amigo&#8230;<\/p>\n","protected":false},"author":1,"featured_media":3735,"comment_status":"open","ping_status":"open","sticky":false,"template":"","format":"standard","meta":{"footnotes":""},"categories":[2],"tags":[],"class_list":["post-3734","post","type-post","status-publish","format-standard","has-post-thumbnail","hentry","category-tamaulipas"],"_links":{"self":[{"href":"https:\/\/noticierotamaulipeco.info\/index.php?rest_route=\/wp\/v2\/posts\/3734","targetHints":{"allow":["GET"]}}],"collection":[{"href":"https:\/\/noticierotamaulipeco.info\/index.php?rest_route=\/wp\/v2\/posts"}],"about":[{"href":"https:\/\/noticierotamaulipeco.info\/index.php?rest_route=\/wp\/v2\/types\/post"}],"author":[{"embeddable":true,"href":"https:\/\/noticierotamaulipeco.info\/index.php?rest_route=\/wp\/v2\/users\/1"}],"replies":[{"embeddable":true,"href":"https:\/\/noticierotamaulipeco.info\/index.php?rest_route=%2Fwp%2Fv2%2Fcomments&post=3734"}],"version-history":[{"count":1,"href":"https:\/\/noticierotamaulipeco.info\/index.php?rest_route=\/wp\/v2\/posts\/3734\/revisions"}],"predecessor-version":[{"id":3736,"href":"https:\/\/noticierotamaulipeco.info\/index.php?rest_route=\/wp\/v2\/posts\/3734\/revisions\/3736"}],"wp:featuredmedia":[{"embeddable":true,"href":"https:\/\/noticierotamaulipeco.info\/index.php?rest_route=\/wp\/v2\/media\/3735"}],"wp:attachment":[{"href":"https:\/\/noticierotamaulipeco.info\/index.php?rest_route=%2Fwp%2Fv2%2Fmedia&parent=3734"}],"wp:term":[{"taxonomy":"category","embeddable":true,"href":"https:\/\/noticierotamaulipeco.info\/index.php?rest_route=%2Fwp%2Fv2%2Fcategories&post=3734"},{"taxonomy":"post_tag","embeddable":true,"href":"https:\/\/noticierotamaulipeco.info\/index.php?rest_route=%2Fwp%2Fv2%2Ftags&post=3734"}],"curies":[{"name":"wp","href":"https:\/\/api.w.org\/{rel}","templated":true}]}}