{"id":3738,"date":"2024-10-17T15:01:47","date_gmt":"2024-10-17T15:01:47","guid":{"rendered":"https:\/\/noticierotamaulipeco.info\/?p=3738"},"modified":"2024-10-16T15:03:46","modified_gmt":"2024-10-16T15:03:46","slug":"gobernador-ava-y-secretario-de-la-defensa-nacional-se-reunen","status":"publish","type":"post","link":"https:\/\/noticierotamaulipeco.info\/?p=3738","title":{"rendered":"Gobernador AVA y Secretario de la Defensa Nacional se Re\u00fanen"},"content":{"rendered":"\n<p>El gobernador <a href=\"https:\/\/www.facebook.com\/dr.americovillarreal?__cft__[0]=AZXi0rl2z-4Cn1X-04rGj6Io8O8Be8FrZdpAVF7rI2gPdbNXNzpNUukSUR87DiNm5iIizUe4vOtVuG68WdTKtjWiMIudyv85vN7AqtkENfj2a2HcL2UWiHRkRWFngHVNY9l-quScXo-xhncbOTVnrUm0PAK3SCcowLXUbqzypA9CbHRhRmBPb9U8kzJI4JxHVnw&amp;__tn__=-]K-R\">Am\u00e9rico Villarreal<\/a>, sostuvo una reuni\u00f3n de trabajo con el general Ricardo Trevilla Trejo, secretario de la Defensa Nacional, a fin de evaluar el avance de la construcci\u00f3n de la Agencia Nacional de Aduanas de M\u00e9xico, ANAM, que ser\u00e1 inaugurada pr\u00f3ximamente por la presidenta <a href=\"https:\/\/www.facebook.com\/ClaudiaSheinbaumPardo?__cft__[0]=AZXi0rl2z-4Cn1X-04rGj6Io8O8Be8FrZdpAVF7rI2gPdbNXNzpNUukSUR87DiNm5iIizUe4vOtVuG68WdTKtjWiMIudyv85vN7AqtkENfj2a2HcL2UWiHRkRWFngHVNY9l-quScXo-xhncbOTVnrUm0PAK3SCcowLXUbqzypA9CbHRhRmBPb9U8kzJI4JxHVnw&amp;__tn__=-]K-R\">Claudia Sheinbaum Pardo<\/a>.<\/p>\n\n\n\n<p>La nueva sede de la Agencia Nacional de Aduanas contribuir\u00e1 a detonar el fortalecimiento de la econom\u00eda en la frontera norte de Tamaulipas y consolidar\u00e1 el liderazgo <a><\/a>comercial de Nuevo Laredo, como el cruce fronterizo por donde se realiza el mayor n\u00famero de operaciones de comercio exterior de nuestro pa\u00eds.<\/p>\n\n\n\n<p>En la reuni\u00f3n de trabajo tambi\u00e9n se refrend\u00f3 el compromiso entre Tamaulipas y las fuerzas de seguridad federales para trabajar en unidad y en protocolos que hagan cada vez m\u00e1s eficiente la protecci\u00f3n a la ciudadan\u00eda y que contribuyan al desarrollo y bienestar de los tamaulipecos<\/p>\n","protected":false},"excerpt":{"rendered":"<p>El gobernador Am\u00e9rico Villarreal, sostuvo una reuni\u00f3n de trabajo con el general Ricardo Trevilla Trejo,&#8230;<\/p>\n","protected":false},"author":1,"featured_media":3739,"comment_status":"open","ping_status":"open","sticky":false,"template":"","format":"standard","meta":{"footnotes":""},"categories":[2],"tags":[],"class_list":["post-3738","post","type-post","status-publish","format-standard","has-post-thumbnail","hentry","category-tamaulipas"],"_links":{"self":[{"href":"https:\/\/noticierotamaulipeco.info\/index.php?rest_route=\/wp\/v2\/posts\/3738","targetHints":{"allow":["GET"]}}],"collection":[{"href":"https:\/\/noticierotamaulipeco.info\/index.php?rest_route=\/wp\/v2\/posts"}],"about":[{"href":"https:\/\/noticierotamaulipeco.info\/index.php?rest_route=\/wp\/v2\/types\/post"}],"author":[{"embeddable":true,"href":"https:\/\/noticierotamaulipeco.info\/index.php?rest_route=\/wp\/v2\/users\/1"}],"replies":[{"embeddable":true,"href":"https:\/\/noticierotamaulipeco.info\/index.php?rest_route=%2Fwp%2Fv2%2Fcomments&post=3738"}],"version-history":[{"count":1,"href":"https:\/\/noticierotamaulipeco.info\/index.php?rest_route=\/wp\/v2\/posts\/3738\/revisions"}],"predecessor-version":[{"id":3740,"href":"https:\/\/noticierotamaulipeco.info\/index.php?rest_route=\/wp\/v2\/posts\/3738\/revisions\/3740"}],"wp:featuredmedia":[{"embeddable":true,"href":"https:\/\/noticierotamaulipeco.info\/index.php?rest_route=\/wp\/v2\/media\/3739"}],"wp:attachment":[{"href":"https:\/\/noticierotamaulipeco.info\/index.php?rest_route=%2Fwp%2Fv2%2Fmedia&parent=3738"}],"wp:term":[{"taxonomy":"category","embeddable":true,"href":"https:\/\/noticierotamaulipeco.info\/index.php?rest_route=%2Fwp%2Fv2%2Fcategories&post=3738"},{"taxonomy":"post_tag","embeddable":true,"href":"https:\/\/noticierotamaulipeco.info\/index.php?rest_route=%2Fwp%2Fv2%2Ftags&post=3738"}],"curies":[{"name":"wp","href":"https:\/\/api.w.org\/{rel}","templated":true}]}}