{"id":3744,"date":"2024-10-18T15:04:34","date_gmt":"2024-10-18T15:04:34","guid":{"rendered":"https:\/\/noticierotamaulipeco.info\/?p=3744"},"modified":"2024-10-16T15:05:39","modified_gmt":"2024-10-16T15:05:39","slug":"miguel-angel-valdez-garcia-nombrado-como-subsecretario-de-planeacion-de-la-set","status":"publish","type":"post","link":"https:\/\/noticierotamaulipeco.info\/?p=3744","title":{"rendered":"Miguel \u00c1ngel Valdez Garc\u00eda nombrado como Subsecretario de Planeaci\u00f3n de la SET."},"content":{"rendered":"\n<p>Cumpliendo las instrucciones del Gobernador, Am\u00e9rico Villarreal Anaya, la secretaria de Educaci\u00f3n de Tamaulipas (SET), Luc\u00eda Aim\u00e9 Castillo Pastor, dio la <a><\/a>bienvenida a Miguel \u00c1ngel Valdez Garc\u00eda, quien fue nombrado como Subsecretario de Planeaci\u00f3n de la SET.<\/p>\n\n\n\n<p>Estuvieron presentes en la bienvenida la subsecretaria de Educaci\u00f3n B\u00e1sica, Marcela Ram\u00edrez Jord\u00e1n; el subsecretario de Educaci\u00f3n Media Superior y Superior, Guadalupe Acosta Villarreal; la subsecretaria de Administraci\u00f3n, Patricia Elizabeth Barr\u00f3n Herrera; y el titular de la Unidad Ejecutiva, Hugo Armando Fonseca Reyes.<\/p>\n\n\n\n<p>La secretaria present\u00f3 al nuevo funcionario con el equipo que conforma el \u00e1rea de Planeaci\u00f3n, reiterando todo el apoyo de la instituci\u00f3n para dar continuidad y fortaleza a la transformaci\u00f3n de la educaci\u00f3n en Tamaulipas, tal como lo ha instruido el gobernador del Estado, Am\u00e9rico Villarreal Anaya.<\/p>\n\n\n\n<p>Con voluntad, trabajo y humanismo, el Gobierno de la transformaci\u00f3n de Tamaulipas s\u00ed cumple.<\/p>\n\n\n\n<p><\/p>\n","protected":false},"excerpt":{"rendered":"<p>Cumpliendo las instrucciones del Gobernador, Am\u00e9rico Villarreal Anaya, la secretaria de Educaci\u00f3n de Tamaulipas (SET),&#8230;<\/p>\n","protected":false},"author":1,"featured_media":3745,"comment_status":"open","ping_status":"open","sticky":false,"template":"","format":"standard","meta":{"footnotes":""},"categories":[2],"tags":[],"class_list":["post-3744","post","type-post","status-publish","format-standard","has-post-thumbnail","hentry","category-tamaulipas"],"_links":{"self":[{"href":"https:\/\/noticierotamaulipeco.info\/index.php?rest_route=\/wp\/v2\/posts\/3744","targetHints":{"allow":["GET"]}}],"collection":[{"href":"https:\/\/noticierotamaulipeco.info\/index.php?rest_route=\/wp\/v2\/posts"}],"about":[{"href":"https:\/\/noticierotamaulipeco.info\/index.php?rest_route=\/wp\/v2\/types\/post"}],"author":[{"embeddable":true,"href":"https:\/\/noticierotamaulipeco.info\/index.php?rest_route=\/wp\/v2\/users\/1"}],"replies":[{"embeddable":true,"href":"https:\/\/noticierotamaulipeco.info\/index.php?rest_route=%2Fwp%2Fv2%2Fcomments&post=3744"}],"version-history":[{"count":1,"href":"https:\/\/noticierotamaulipeco.info\/index.php?rest_route=\/wp\/v2\/posts\/3744\/revisions"}],"predecessor-version":[{"id":3746,"href":"https:\/\/noticierotamaulipeco.info\/index.php?rest_route=\/wp\/v2\/posts\/3744\/revisions\/3746"}],"wp:featuredmedia":[{"embeddable":true,"href":"https:\/\/noticierotamaulipeco.info\/index.php?rest_route=\/wp\/v2\/media\/3745"}],"wp:attachment":[{"href":"https:\/\/noticierotamaulipeco.info\/index.php?rest_route=%2Fwp%2Fv2%2Fmedia&parent=3744"}],"wp:term":[{"taxonomy":"category","embeddable":true,"href":"https:\/\/noticierotamaulipeco.info\/index.php?rest_route=%2Fwp%2Fv2%2Fcategories&post=3744"},{"taxonomy":"post_tag","embeddable":true,"href":"https:\/\/noticierotamaulipeco.info\/index.php?rest_route=%2Fwp%2Fv2%2Ftags&post=3744"}],"curies":[{"name":"wp","href":"https:\/\/api.w.org\/{rel}","templated":true}]}}